{"id":15369,"date":"2026-03-15T21:51:40","date_gmt":"2026-03-15T20:51:40","guid":{"rendered":"https:\/\/www.nvssf.com\/forbundet\/?p=15369"},"modified":"2026-03-15T21:51:40","modified_gmt":"2026-03-15T20:51:40","slug":"arsmotet-2","status":"publish","type":"post","link":"https:\/\/www.nvssf.com\/forbundet\/arsmotet-2\/","title":{"rendered":"\u00c5rsm\u00f6tet"},"content":{"rendered":"<p>Nordv\u00e4stra Sk\u00e5nes schackf\u00f6rbund hade \u00e5rsm\u00f6te i helgen. <strong>Stefan H\u00e5kansson<\/strong> valdes om som ordf\u00f6rande p\u00e5 ett \u00e5r. Till ledam\u00f6ter p\u00e5 tv\u00e5 \u00e5r valdes <strong>Roland Johansson<\/strong> (omval) och <strong>Haider Al-Sherufi<\/strong> (ers\u00e4tter Lars Persson som valt att tacka nej till omval).\u00a0<strong>Fredrik Sievert<\/strong> och <strong>\u00c5ke Westin<\/strong> har ett \u00e5r kvar. <strong>Mikael Svensson<\/strong> valdes som suppleant p\u00e5 ett \u00e5r.<br \/>\nProtokollet fr\u00e5n \u00e5rsm\u00f6tet kommer att publiceras p\u00e5 hemsidan n\u00e4r det \u00e4r justerat.<br \/>\nVerksamhetsber\u00e4ttelsen finns <a href=\"https:\/\/www.nvssf.com\/forbundet\/wp-content\/uploads\/2026\/03\/Verksamhetsberattelse-NvSSF-2025.pdf\" target=\"_blank\" rel=\"noopener\">h\u00e4r<\/a>.<\/p>\n","protected":false},"excerpt":{"rendered":"<p>Nordv\u00e4stra Sk\u00e5nes schackf\u00f6rbund hade \u00e5rsm\u00f6te i helgen. Stefan H\u00e5kansson valdes om som ordf\u00f6rande p\u00e5 ett \u00e5r. Till ledam\u00f6ter p\u00e5 tv\u00e5 \u00e5r valdes Roland Johansson (omval) och Haider Al-Sherufi (ers\u00e4tter Lars Persson som valt att tacka nej till omval).\u00a0Fredrik Sievert och &hellip; <a href=\"https:\/\/www.nvssf.com\/forbundet\/arsmotet-2\/\">Forts\u00e4tt l\u00e4sa <span class=\"meta-nav\">&rarr;<\/span><\/a><\/p>\n","protected":false},"author":9,"featured_media":0,"comment_status":"closed","ping_status":"open","sticky":false,"template":"","format":"standard","meta":{"_acf_changed":false,"footnotes":""},"categories":[104],"tags":[],"acf":[],"_links":{"self":[{"href":"https:\/\/www.nvssf.com\/forbundet\/wp-json\/wp\/v2\/posts\/15369"}],"collection":[{"href":"https:\/\/www.nvssf.com\/forbundet\/wp-json\/wp\/v2\/posts"}],"about":[{"href":"https:\/\/www.nvssf.com\/forbundet\/wp-json\/wp\/v2\/types\/post"}],"author":[{"embeddable":true,"href":"https:\/\/www.nvssf.com\/forbundet\/wp-json\/wp\/v2\/users\/9"}],"replies":[{"embeddable":true,"href":"https:\/\/www.nvssf.com\/forbundet\/wp-json\/wp\/v2\/comments?post=15369"}],"version-history":[{"count":1,"href":"https:\/\/www.nvssf.com\/forbundet\/wp-json\/wp\/v2\/posts\/15369\/revisions"}],"predecessor-version":[{"id":15370,"href":"https:\/\/www.nvssf.com\/forbundet\/wp-json\/wp\/v2\/posts\/15369\/revisions\/15370"}],"wp:attachment":[{"href":"https:\/\/www.nvssf.com\/forbundet\/wp-json\/wp\/v2\/media?parent=15369"}],"wp:term":[{"taxonomy":"category","embeddable":true,"href":"https:\/\/www.nvssf.com\/forbundet\/wp-json\/wp\/v2\/categories?post=15369"},{"taxonomy":"post_tag","embeddable":true,"href":"https:\/\/www.nvssf.com\/forbundet\/wp-json\/wp\/v2\/tags?post=15369"}],"curies":[{"name":"wp","href":"https:\/\/api.w.org\/{rel}","templated":true}]}}