{"id":15417,"date":"2026-04-01T13:30:32","date_gmt":"2026-04-01T11:30:32","guid":{"rendered":"https:\/\/www.nvssf.com\/forbundet\/?p=15417"},"modified":"2026-04-07T09:15:36","modified_gmt":"2026-04-07T07:15:36","slug":"inbjudan-blixt-dm","status":"publish","type":"post","link":"https:\/\/www.nvssf.com\/forbundet\/inbjudan-blixt-dm\/","title":{"rendered":"Inbjudan Blixt-DM"},"content":{"rendered":"<p>Nordv\u00e4stra Sk\u00e5nes Schackf\u00f6rbund och <a href=\"https:\/\/www.svenskalag.se\/klippans-sk\" target=\"_blank\" rel=\"noopener\">Klippans schackklubb<\/a> bjuder in till DM i blixt. T\u00e4vlingen \u00e4r b\u00e5de en lagt\u00e4vling f\u00f6r tremannalag och en individuell t\u00e4vling d\u00e4r b\u00e4ste spelare i h\u00f6gsta divisionen blir distriktsm\u00e4stare i blixt.<br \/>\nT\u00e4vlingen spelas L\u00f6rdagen 2 maj 2025 p\u00e5 f\u00f6reningshuset s\u00e5gen, \u00c4ngelholmsgatan 1\u20139 i Klippan. Hela inbjudan finns <a href=\"https:\/\/www.nvssf.com\/forbundet\/wp-content\/uploads\/2026\/04\/Blixt-DM-2026-ny.pdf\" target=\"_blank\" rel=\"noopener\">h\u00e4r<\/a> (Uppdaterad 2:a april).<\/p>\n","protected":false},"excerpt":{"rendered":"<p>Nordv\u00e4stra Sk\u00e5nes Schackf\u00f6rbund och Klippans schackklubb bjuder in till DM i blixt. T\u00e4vlingen \u00e4r b\u00e5de en lagt\u00e4vling f\u00f6r tremannalag och en individuell t\u00e4vling d\u00e4r b\u00e4ste spelare i h\u00f6gsta divisionen blir distriktsm\u00e4stare i blixt. T\u00e4vlingen spelas L\u00f6rdagen 2 maj 2025 p\u00e5 &hellip; <a href=\"https:\/\/www.nvssf.com\/forbundet\/inbjudan-blixt-dm\/\">Forts\u00e4tt l\u00e4sa <span class=\"meta-nav\">&rarr;<\/span><\/a><\/p>\n","protected":false},"author":9,"featured_media":0,"comment_status":"closed","ping_status":"open","sticky":false,"template":"","format":"standard","meta":{"_acf_changed":false,"footnotes":""},"categories":[279],"tags":[],"acf":[],"_links":{"self":[{"href":"https:\/\/www.nvssf.com\/forbundet\/wp-json\/wp\/v2\/posts\/15417"}],"collection":[{"href":"https:\/\/www.nvssf.com\/forbundet\/wp-json\/wp\/v2\/posts"}],"about":[{"href":"https:\/\/www.nvssf.com\/forbundet\/wp-json\/wp\/v2\/types\/post"}],"author":[{"embeddable":true,"href":"https:\/\/www.nvssf.com\/forbundet\/wp-json\/wp\/v2\/users\/9"}],"replies":[{"embeddable":true,"href":"https:\/\/www.nvssf.com\/forbundet\/wp-json\/wp\/v2\/comments?post=15417"}],"version-history":[{"count":4,"href":"https:\/\/www.nvssf.com\/forbundet\/wp-json\/wp\/v2\/posts\/15417\/revisions"}],"predecessor-version":[{"id":15430,"href":"https:\/\/www.nvssf.com\/forbundet\/wp-json\/wp\/v2\/posts\/15417\/revisions\/15430"}],"wp:attachment":[{"href":"https:\/\/www.nvssf.com\/forbundet\/wp-json\/wp\/v2\/media?parent=15417"}],"wp:term":[{"taxonomy":"category","embeddable":true,"href":"https:\/\/www.nvssf.com\/forbundet\/wp-json\/wp\/v2\/categories?post=15417"},{"taxonomy":"post_tag","embeddable":true,"href":"https:\/\/www.nvssf.com\/forbundet\/wp-json\/wp\/v2\/tags?post=15417"}],"curies":[{"name":"wp","href":"https:\/\/api.w.org\/{rel}","templated":true}]}}