{"id":15452,"date":"2026-04-23T19:19:57","date_gmt":"2026-04-23T17:19:57","guid":{"rendered":"https:\/\/www.nvssf.com\/forbundet\/?p=15452"},"modified":"2026-04-26T21:02:23","modified_gmt":"2026-04-26T19:02:23","slug":"sista-chansen-att-anmala-sig-till-blixt-dm","status":"publish","type":"post","link":"https:\/\/www.nvssf.com\/forbundet\/sista-chansen-att-anmala-sig-till-blixt-dm\/","title":{"rendered":"Sista chansen att anm\u00e4la sig till Blixt-DM"},"content":{"rendered":"<p>Blixt-DM spelas L\u00f6rdagen 2 maj och anm\u00e4lningstiden g\u00e5r ut imorgon fredag.<br \/>\nInbjudan finns <a href=\"https:\/\/www.nvssf.com\/forbundet\/wp-content\/uploads\/2026\/04\/Blixt-DM-2026-ny.pdf\" target=\"_blank\" rel=\"noopener\">h\u00e4r<\/a>.<br \/>\nLista p\u00e5 anm\u00e4lda spelare finns <a href=\"https:\/\/member.schack.se\/ShowTournamentServlet?id=18357\" target=\"_blank\" rel=\"noopener\">h\u00e4r<\/a>. HASK har meddelat att man kommer med minst ett lag.<\/p>\n","protected":false},"excerpt":{"rendered":"<p>Blixt-DM spelas L\u00f6rdagen 2 maj och anm\u00e4lningstiden g\u00e5r ut imorgon fredag. Inbjudan finns h\u00e4r. Lista p\u00e5 anm\u00e4lda spelare finns h\u00e4r. HASK har meddelat att man kommer med minst ett lag.<\/p>\n","protected":false},"author":9,"featured_media":0,"comment_status":"closed","ping_status":"open","sticky":false,"template":"","format":"standard","meta":{"_acf_changed":false,"footnotes":""},"categories":[279,16],"tags":[],"acf":[],"_links":{"self":[{"href":"https:\/\/www.nvssf.com\/forbundet\/wp-json\/wp\/v2\/posts\/15452"}],"collection":[{"href":"https:\/\/www.nvssf.com\/forbundet\/wp-json\/wp\/v2\/posts"}],"about":[{"href":"https:\/\/www.nvssf.com\/forbundet\/wp-json\/wp\/v2\/types\/post"}],"author":[{"embeddable":true,"href":"https:\/\/www.nvssf.com\/forbundet\/wp-json\/wp\/v2\/users\/9"}],"replies":[{"embeddable":true,"href":"https:\/\/www.nvssf.com\/forbundet\/wp-json\/wp\/v2\/comments?post=15452"}],"version-history":[{"count":2,"href":"https:\/\/www.nvssf.com\/forbundet\/wp-json\/wp\/v2\/posts\/15452\/revisions"}],"predecessor-version":[{"id":15456,"href":"https:\/\/www.nvssf.com\/forbundet\/wp-json\/wp\/v2\/posts\/15452\/revisions\/15456"}],"wp:attachment":[{"href":"https:\/\/www.nvssf.com\/forbundet\/wp-json\/wp\/v2\/media?parent=15452"}],"wp:term":[{"taxonomy":"category","embeddable":true,"href":"https:\/\/www.nvssf.com\/forbundet\/wp-json\/wp\/v2\/categories?post=15452"},{"taxonomy":"post_tag","embeddable":true,"href":"https:\/\/www.nvssf.com\/forbundet\/wp-json\/wp\/v2\/tags?post=15452"}],"curies":[{"name":"wp","href":"https:\/\/api.w.org\/{rel}","templated":true}]}}