{"id":189,"date":"2014-04-03T14:08:40","date_gmt":"2014-04-03T12:08:40","guid":{"rendered":"http:\/\/www.nvssf.com\/forbundet\/?p=189"},"modified":"2015-12-25T20:22:28","modified_gmt":"2015-12-25T19:22:28","slug":"nyhet-europamastare-i-korrschack","status":"publish","type":"post","link":"https:\/\/www.nvssf.com\/forbundet\/nyhet-europamastare-i-korrschack\/","title":{"rendered":"Europam\u00e4stare i korrschack"},"content":{"rendered":"<p>Tv\u00e5 spelare i distriktet har blivit Europam\u00e4stare. Bj\u00f6rn Fagerstr\u00f6m och Sonny Colin,b\u00e5da spelande f\u00f6r HASK i n\u00e4rschack,ingick i det Svenska landslag som vann det <a title=\"Tabell\" href=\"http:\/\/www.iccf-webchess.com\/EventCrossTable.aspx?id=28150&amp;order=p\" target=\"_blank\">8:e Europam\u00e4sterskapet i korrschack f\u00f6r lag.<\/a><\/p>\n<p>B\u00e5da tog 7\/13<a title=\"Bj\u00f6rns resultat\" href=\"http:\/\/www.iccf-webchess.com\/event?id=28152\" target=\"_blank\">,Bj\u00f6rn p\u00e5 bord 1<\/a> och <a title=\"Sonnys resultat\" href=\"http:\/\/www.iccf-webchess.com\/event?id=28159\" target=\"_blank\">Sonny p\u00e5 8:e.<\/a>\u00c2\u00a0Samtliga deras partier i t\u00e4vlingen kan avnjutas i partivisaren nedan.<\/p>\n<div class='chessboard-wrapper'><pre style='display:none;'><textarea id='pgn4web_0' style='display:none;' cols='40' rows='8'><\/textarea><\/pre><iframe src='https:\/\/www.nvssf.com\/forbundet\/wp-content\/plugins\/embed-chessboard\/pgn4web\/board.html?am=n&amp;d=3000&amp;ig=f&amp;iv=0&amp;ih=s&amp;ss=26&amp;ps=d&amp;pf=d&amp;lch=FFCE9E&amp;dch=D18B47&amp;bbch=262626&amp;hm=b&amp;hch=4B5BAB&amp;bd=c&amp;cbch=F0F0F0&amp;ctch=696969&amp;hd=j&amp;md=f&amp;tm=13&amp;fhch=000000&amp;fhs=14&amp;fmch=000000&amp;fcch=35AB11&amp;hmch=F9FF59&amp;fms=14&amp;fcs=m&amp;cd=i&amp;bch=FFFFFF&amp;fp=13&amp;hl=t&amp;fh=365&amp;fw=p&amp;pd=https%3A%2F%2Fwww.nvssf.com%2Fforbundet%2Fwp-content%2Fuploads%2F2014%2F04%2F8korr_em.pgn' frameborder='0' width='100%' height='365' scrolling='no' marginheight='0' marginwidth='0'>your web browser and\/or your host do not support iframes as required to display the chessboard; alternatively your wordpress theme might suppress the html iframe tag from articles or excerpts<\/iframe><\/div>\n","protected":false},"excerpt":{"rendered":"<p>Tv\u00e5 spelare i distriktet har blivit Europam\u00e4stare. Bj\u00f6rn Fagerstr\u00f6m och Sonny Colin,b\u00e5da spelande f\u00f6r HASK i n\u00e4rschack,ingick i det Svenska landslag som vann det 8:e Europam\u00e4sterskapet i korrschack f\u00f6r lag. B\u00e5da tog 7\/13,Bj\u00f6rn p\u00e5 bord 1 och Sonny p\u00e5 8:e.\u00c2\u00a0Samtliga &hellip; <a href=\"https:\/\/www.nvssf.com\/forbundet\/nyhet-europamastare-i-korrschack\/\">Forts\u00e4tt l\u00e4sa <span class=\"meta-nav\">&rarr;<\/span><\/a><\/p>\n","protected":false},"author":2,"featured_media":0,"comment_status":"open","ping_status":"open","sticky":false,"template":"","format":"standard","meta":{"_acf_changed":false,"footnotes":""},"categories":[15,5],"tags":[],"acf":[],"_links":{"self":[{"href":"https:\/\/www.nvssf.com\/forbundet\/wp-json\/wp\/v2\/posts\/189"}],"collection":[{"href":"https:\/\/www.nvssf.com\/forbundet\/wp-json\/wp\/v2\/posts"}],"about":[{"href":"https:\/\/www.nvssf.com\/forbundet\/wp-json\/wp\/v2\/types\/post"}],"author":[{"embeddable":true,"href":"https:\/\/www.nvssf.com\/forbundet\/wp-json\/wp\/v2\/users\/2"}],"replies":[{"embeddable":true,"href":"https:\/\/www.nvssf.com\/forbundet\/wp-json\/wp\/v2\/comments?post=189"}],"version-history":[{"count":0,"href":"https:\/\/www.nvssf.com\/forbundet\/wp-json\/wp\/v2\/posts\/189\/revisions"}],"wp:attachment":[{"href":"https:\/\/www.nvssf.com\/forbundet\/wp-json\/wp\/v2\/media?parent=189"}],"wp:term":[{"taxonomy":"category","embeddable":true,"href":"https:\/\/www.nvssf.com\/forbundet\/wp-json\/wp\/v2\/categories?post=189"},{"taxonomy":"post_tag","embeddable":true,"href":"https:\/\/www.nvssf.com\/forbundet\/wp-json\/wp\/v2\/tags?post=189"}],"curies":[{"name":"wp","href":"https:\/\/api.w.org\/{rel}","templated":true}]}}