{"id":441,"date":"2014-06-09T20:52:15","date_gmt":"2014-06-09T18:52:15","guid":{"rendered":"http:\/\/www.nvssf.com\/forbundet\/?p=441"},"modified":"2014-06-12T18:30:38","modified_gmt":"2014-06-12T16:30:38","slug":"international-chess-holiday-2014","status":"publish","type":"post","link":"https:\/\/www.nvssf.com\/forbundet\/international-chess-holiday-2014\/","title":{"rendered":"International Chess Holiday"},"content":{"rendered":"<p><img loading=\"lazy\" decoding=\"async\" class=\"alignleft wp-image-440 size-full\" src=\"https:\/\/www.nvssf.com\/forbundet\/wp-content\/uploads\/2014\/06\/czech_holidaylogo.jpg\" alt=\"Chess holiday logo\" width=\"300\" height=\"217\" \/>Det \u00e4r snart dags f\u00f6r den bland Nordv\u00e4stsk\u00e5ningar popul\u00e4ra turneringen <a title=\"Inbjudan\" href=\"https:\/\/www.nvssf.com\/forbundet\/wp-content\/uploads\/2014\/04\/chessholiday_information2014.pdf\" target=\"_blank\">International Chess Holiday<\/a> i Prag. I nul\u00e4get \u00e4r \u00e5tta Nordv\u00e4stsk\u00e5ningar anm\u00e4lda:Stefan Myrenfors, Patrik Nilsson, Staffan och Emma Thomasson, Stefan Andersson, Walter Steffert, Lars Segerstr\u00f6m och Peter Dalling. Samtliga spelar vecka 2 (26\/7 &#8211; 2\/8), f\u00f6rsta dagen \u00e4r ankomst och sista avresa. Man kan \u00e4ven v\u00e4lja att spela 19\/7 &#8211; 26\/7 eller 2\/8 &#8211; 9\/8.<\/p>\n<p>Jag \u00f6verl\u00e4mnar ordet till rutinerade Chess Holiday deltagaren och &#8221;reseledaren&#8221; Peter Dalling (om man vill vara med s\u00e5 anm\u00e4ler man sig enklast genom att maila till Peter: <span style=\"color: #3e454c;\">dallingpeter@gmail.com<\/span>):<\/p>\n<blockquote><p>&#8221;Vi bor och spelar p\u00e5 ett fyrstj\u00e4rnigt hotell (Amarilis) ca. 300 meter fr\u00e5n Vaclavplatsen &#8211; alla rum inklusive spelhallen har luftkonditionering. Under de sammanlagt tre spelveckorna<!--more--> deltager ungef\u00e4r ett par hundra spelare fr\u00e5n f\u00f6retr\u00e4desvis Tyskland, Tjeckien, Sverige, Norge Wales, Italien, Slovakien och ett par l\u00e4nder till.<\/p>\n<p>Dessutom ordnas det guidade utflykter f\u00f6r dem som s\u00e5 \u00f6nskar. M\u00e5nga har med sina respektive och st\u00e4mningen \u00e4r ytterst familj\u00e4r och god. Prag p\u00e5 sommaren \u00e4r en gnistrande p\u00e4rla med fina restauranger, gott \u00f6l och ett sjudande liv. Eftersom jag fyller \u00e5r, n\u00e4r vi \u00e4r d\u00e4r har jag f\u00f6r avsikt att bjuda hela g\u00e4nget p\u00e5 middag f\u00f6rutsatt att det inte blir en svenska anstormning&#8230;<\/p>\n<p>Det b\u00f6r till\u00e4ggas att under de 23 \u00e5r jag och Staffan har deltagit har vi varit sammanlagt \u00f6ver 70 olika individer fr\u00e5n v\u00e5rt distrikt. Peter Rothman vann sin grupp i fjol, Staffan har ocks\u00e5 vunnit en g\u00e5ng medan jag uppn\u00e5dde ELO-tal 1999. Det blev s\u00e5 h\u00f6gt att jag d\u00e4refter kunde titulera mig CM, vilket \u00e4r fullst\u00e4ndigt bisarrt. Detta visar att alla har en hyfsad chans att erh\u00e5lla ett ELO-tal, om man inte redan har det.<\/p>\n<p>Till\u00e4ggas b\u00f6r att sammanr\u00e4knat har Staffan varit den flitigaste g\u00e4sten i turneringen, eftersom han ibland har spelat TV\u00c5 veckor i f\u00f6ljd.<\/p>\n<p>Det \u00e4r inte f\u00f6r sent att anm\u00e4la sig, vilket man enklast g\u00f6r genom att maila mig. Flyget till Prag \u00e4r l\u00f6jligt billigt.<br \/>\nPeter Dalling, <span style=\"color: #3e454c;\">dallingpeter@gmail.com<\/span>&#8221;<\/p><\/blockquote>\n","protected":false},"excerpt":{"rendered":"<p>Det \u00e4r snart dags f\u00f6r den bland Nordv\u00e4stsk\u00e5ningar popul\u00e4ra turneringen International Chess Holiday i Prag. I nul\u00e4get \u00e4r \u00e5tta Nordv\u00e4stsk\u00e5ningar anm\u00e4lda:Stefan Myrenfors, Patrik Nilsson, Staffan och Emma Thomasson, Stefan Andersson, Walter Steffert, Lars Segerstr\u00f6m och Peter Dalling. Samtliga spelar vecka &hellip; <a href=\"https:\/\/www.nvssf.com\/forbundet\/international-chess-holiday-2014\/\">Forts\u00e4tt l\u00e4sa <span class=\"meta-nav\">&rarr;<\/span><\/a><\/p>\n","protected":false},"author":2,"featured_media":0,"comment_status":"open","ping_status":"open","sticky":false,"template":"","format":"standard","meta":{"_acf_changed":false,"footnotes":""},"categories":[15],"tags":[],"acf":[],"_links":{"self":[{"href":"https:\/\/www.nvssf.com\/forbundet\/wp-json\/wp\/v2\/posts\/441"}],"collection":[{"href":"https:\/\/www.nvssf.com\/forbundet\/wp-json\/wp\/v2\/posts"}],"about":[{"href":"https:\/\/www.nvssf.com\/forbundet\/wp-json\/wp\/v2\/types\/post"}],"author":[{"embeddable":true,"href":"https:\/\/www.nvssf.com\/forbundet\/wp-json\/wp\/v2\/users\/2"}],"replies":[{"embeddable":true,"href":"https:\/\/www.nvssf.com\/forbundet\/wp-json\/wp\/v2\/comments?post=441"}],"version-history":[{"count":0,"href":"https:\/\/www.nvssf.com\/forbundet\/wp-json\/wp\/v2\/posts\/441\/revisions"}],"wp:attachment":[{"href":"https:\/\/www.nvssf.com\/forbundet\/wp-json\/wp\/v2\/media?parent=441"}],"wp:term":[{"taxonomy":"category","embeddable":true,"href":"https:\/\/www.nvssf.com\/forbundet\/wp-json\/wp\/v2\/categories?post=441"},{"taxonomy":"post_tag","embeddable":true,"href":"https:\/\/www.nvssf.com\/forbundet\/wp-json\/wp\/v2\/tags?post=441"}],"curies":[{"name":"wp","href":"https:\/\/api.w.org\/{rel}","templated":true}]}}