{"id":5150,"date":"2017-11-02T11:23:37","date_gmt":"2017-11-02T10:23:37","guid":{"rendered":"http:\/\/www.nvssf.com\/forbundet\/?p=5150"},"modified":"2023-01-06T16:57:09","modified_gmt":"2023-01-06T15:57:09","slug":"mragel-open-2017","status":"publish","type":"post","link":"https:\/\/www.nvssf.com\/forbundet\/mragel-open-2017\/","title":{"rendered":"Mragel Open 2017"},"content":{"rendered":"<p><a href=\"https:\/\/www.nvssf.com\/forbundet\/wp-content\/uploads\/2015\/01\/laskhorse.jpg\"><img loading=\"lazy\" decoding=\"async\" class=\"aligncenter size-full wp-image-1237\" src=\"https:\/\/www.nvssf.com\/forbundet\/wp-content\/uploads\/2015\/01\/laskhorse.jpg\" alt=\"\" width=\"142\" height=\"140\" \/><\/a><\/p>\n<p>Vill man inte ta sig till Stockholm denna helg f\u00f6r att spela schack s\u00e5 finns det ett alternativ till <span class=\"removed_link\" title=\"http:\/\/hasselbackenchessopen.se\/\">Hasselbacken Chess Open<\/span>. N\u00e4mligen <a href=\"http:\/\/lask.se\/admin\/upload\/Mragel_inbjudan_ht2017.pdf\" target=\"_blank\" rel=\"noopener\">Mragel Open<\/a> som arrangeras av <a href=\"http:\/\/www.lask.se\/\" target=\"_blank\" rel=\"noopener\">Lunds ASK<\/a> i Lund p\u00e5 ett betydligt bekv\u00e4mare avst\u00e5nd \u00e4n huvudstaden.<\/p>\n<p>I <a href=\"http:\/\/member.schack.se\/ShowTournamentServlet?id=5023\" target=\"_blank\" rel=\"noopener\">startf\u00e4ltet<\/a> hittar vi tre nordv\u00e4stsk\u00e5ningar; <strong>Gert Lyngsj\u00f6<\/strong>,Landskrona SK,<strong>Lars Persson<\/strong>,Skromberga ASS &amp; <strong>Ghayth Tabaa<\/strong>,Helsingborgs SS. Topprankad i startf\u00e4ltet just nu \u00e4r David St\u00e5hlberg,Ystads SS med elotalet 2095.<\/p>\n<p>Fem ronder med bet\u00e4nketiden 90 minuter + 30 sekunders bonus per drag avverkas fredag till s\u00f6ndag innan en segrare kan koras.<\/p>\n<p>N\u00e5gon som undrar varf\u00f6r turneringen kallas Mragel Open? Svaret hittar man i inbjudan:<\/p>\n<blockquote><p>Mragel Vrillestad \u00e4r LASKs s\u00e4mste schackspelare genom tiderna och har frivilligt p\u00e5tagit sig sistaplatsen p\u00e5 LASKs rejtinglista s\u00e5<br \/>\nl\u00e4nge den funnits.<br \/>\nBland Mragels meriter kan n\u00e4mnas att han kommenterat en slutspelsst\u00e4llning f\u00f6r Informator och haft ett f\u00f6rlustparti mot Jan Frise publicerat i tyska Schach-Echo.<\/p><\/blockquote>\n","protected":false},"excerpt":{"rendered":"<p>Vill man inte ta sig till Stockholm denna helg f\u00f6r att spela schack s\u00e5 finns det ett alternativ till Hasselbacken Chess Open. N\u00e4mligen Mragel Open som arrangeras av Lunds ASK i Lund p\u00e5 ett betydligt bekv\u00e4mare avst\u00e5nd \u00e4n huvudstaden. I &hellip; <a href=\"https:\/\/www.nvssf.com\/forbundet\/mragel-open-2017\/\">Forts\u00e4tt l\u00e4sa <span class=\"meta-nav\">&rarr;<\/span><\/a><\/p>\n","protected":false},"author":2,"featured_media":0,"comment_status":"open","ping_status":"open","sticky":false,"template":"","format":"standard","meta":{"_acf_changed":false,"footnotes":""},"categories":[14],"tags":[48,45,37,38,42],"acf":[],"_links":{"self":[{"href":"https:\/\/www.nvssf.com\/forbundet\/wp-json\/wp\/v2\/posts\/5150"}],"collection":[{"href":"https:\/\/www.nvssf.com\/forbundet\/wp-json\/wp\/v2\/posts"}],"about":[{"href":"https:\/\/www.nvssf.com\/forbundet\/wp-json\/wp\/v2\/types\/post"}],"author":[{"embeddable":true,"href":"https:\/\/www.nvssf.com\/forbundet\/wp-json\/wp\/v2\/users\/2"}],"replies":[{"embeddable":true,"href":"https:\/\/www.nvssf.com\/forbundet\/wp-json\/wp\/v2\/comments?post=5150"}],"version-history":[{"count":2,"href":"https:\/\/www.nvssf.com\/forbundet\/wp-json\/wp\/v2\/posts\/5150\/revisions"}],"predecessor-version":[{"id":12496,"href":"https:\/\/www.nvssf.com\/forbundet\/wp-json\/wp\/v2\/posts\/5150\/revisions\/12496"}],"wp:attachment":[{"href":"https:\/\/www.nvssf.com\/forbundet\/wp-json\/wp\/v2\/media?parent=5150"}],"wp:term":[{"taxonomy":"category","embeddable":true,"href":"https:\/\/www.nvssf.com\/forbundet\/wp-json\/wp\/v2\/categories?post=5150"},{"taxonomy":"post_tag","embeddable":true,"href":"https:\/\/www.nvssf.com\/forbundet\/wp-json\/wp\/v2\/tags?post=5150"}],"curies":[{"name":"wp","href":"https:\/\/api.w.org\/{rel}","templated":true}]}}