{"id":5548,"date":"2018-01-15T11:44:33","date_gmt":"2018-01-15T10:44:33","guid":{"rendered":"http:\/\/www.nvssf.com\/forbundet\/?p=5548"},"modified":"2022-02-01T09:48:16","modified_gmt":"2022-02-01T08:48:16","slug":"flick-sm-i-vasteras-helsingborgs-ask-deltar-med-en-trupp","status":"publish","type":"post","link":"https:\/\/www.nvssf.com\/forbundet\/flick-sm-i-vasteras-helsingborgs-ask-deltar-med-en-trupp\/","title":{"rendered":"Flick-SM i V\u00e4ster\u00e5s &#8211; Helsingborgs ASK deltar med en trupp"},"content":{"rendered":"<p><a href=\"https:\/\/www.nvssf.com\/forbundet\/wp-content\/uploads\/2018\/01\/Flick-SMx.jpg\"><img loading=\"lazy\" decoding=\"async\" class=\"aligncenter size-medium wp-image-5516\" src=\"https:\/\/www.nvssf.com\/forbundet\/wp-content\/uploads\/2018\/01\/Flick-SMx-300x79.jpg\" alt=\"\" width=\"300\" height=\"79\" srcset=\"https:\/\/www.nvssf.com\/forbundet\/wp-content\/uploads\/2018\/01\/Flick-SMx-300x79.jpg 300w, https:\/\/www.nvssf.com\/forbundet\/wp-content\/uploads\/2018\/01\/Flick-SMx-150x39.jpg 150w, https:\/\/www.nvssf.com\/forbundet\/wp-content\/uploads\/2018\/01\/Flick-SMx-768x201.jpg 768w, https:\/\/www.nvssf.com\/forbundet\/wp-content\/uploads\/2018\/01\/Flick-SMx-500x131.jpg 500w, https:\/\/www.nvssf.com\/forbundet\/wp-content\/uploads\/2018\/01\/Flick-SMx.jpg 825w\" sizes=\"(max-width: 300px) 100vw, 300px\" \/><\/a>Nu till helgen, 19-21 januari, spelas <a href=\"https:\/\/member.schack.se\/ShowTournamentServlet?id=5190\" target=\"_blank\" rel=\"noopener\">Flick-SM<\/a> i V\u00e4ster\u00e5s. <span class=\"removed_link\" title=\"http:\/\/www.nvssf.com\/hask\">Helsingborgs ASK<\/span> deltar med fem taggade flickor:<\/p>\n<h2>Grupp B (14 -16 \u00e5r)<\/h2>\n<ul style=\"list-style-type: circle;\">\n<li><strong>Nova Bengtsson<\/strong><\/li>\n<li><strong>Tess Jussila<\/strong><\/li>\n<li><strong>Linnea Lauridsen<\/strong><\/li>\n<\/ul>\n<h2>Grupp C (11-13 \u00e5r)<\/h2>\n<ul style=\"list-style-type: circle;\">\n<li><strong>Vera Jussila<\/strong><\/li>\n<li><strong>Ylva Jussila<\/strong><\/li>\n<\/ul>\n<p>Truppen coachas av <strong>Stefan H\u00e5kansson<\/strong> &amp; <strong>Cai Jussila<\/strong>.<\/p>\n","protected":false},"excerpt":{"rendered":"<p>Nu till helgen, 19-21 januari, spelas Flick-SM i V\u00e4ster\u00e5s. Helsingborgs ASK deltar med fem taggade flickor: Grupp B (14 -16 \u00e5r) Nova Bengtsson Tess Jussila Linnea Lauridsen Grupp C (11-13 \u00e5r) Vera Jussila Ylva Jussila Truppen coachas av Stefan H\u00e5kansson &hellip; <a href=\"https:\/\/www.nvssf.com\/forbundet\/flick-sm-i-vasteras-helsingborgs-ask-deltar-med-en-trupp\/\">Forts\u00e4tt l\u00e4sa <span class=\"meta-nav\">&rarr;<\/span><\/a><\/p>\n","protected":false},"author":2,"featured_media":0,"comment_status":"open","ping_status":"open","sticky":false,"template":"","format":"standard","meta":{"_acf_changed":false,"footnotes":""},"categories":[9,14],"tags":[41],"acf":[],"_links":{"self":[{"href":"https:\/\/www.nvssf.com\/forbundet\/wp-json\/wp\/v2\/posts\/5548"}],"collection":[{"href":"https:\/\/www.nvssf.com\/forbundet\/wp-json\/wp\/v2\/posts"}],"about":[{"href":"https:\/\/www.nvssf.com\/forbundet\/wp-json\/wp\/v2\/types\/post"}],"author":[{"embeddable":true,"href":"https:\/\/www.nvssf.com\/forbundet\/wp-json\/wp\/v2\/users\/2"}],"replies":[{"embeddable":true,"href":"https:\/\/www.nvssf.com\/forbundet\/wp-json\/wp\/v2\/comments?post=5548"}],"version-history":[{"count":1,"href":"https:\/\/www.nvssf.com\/forbundet\/wp-json\/wp\/v2\/posts\/5548\/revisions"}],"predecessor-version":[{"id":11023,"href":"https:\/\/www.nvssf.com\/forbundet\/wp-json\/wp\/v2\/posts\/5548\/revisions\/11023"}],"wp:attachment":[{"href":"https:\/\/www.nvssf.com\/forbundet\/wp-json\/wp\/v2\/media?parent=5548"}],"wp:term":[{"taxonomy":"category","embeddable":true,"href":"https:\/\/www.nvssf.com\/forbundet\/wp-json\/wp\/v2\/categories?post=5548"},{"taxonomy":"post_tag","embeddable":true,"href":"https:\/\/www.nvssf.com\/forbundet\/wp-json\/wp\/v2\/tags?post=5548"}],"curies":[{"name":"wp","href":"https:\/\/api.w.org\/{rel}","templated":true}]}}