{"id":5604,"date":"2018-01-31T11:21:46","date_gmt":"2018-01-31T10:21:46","guid":{"rendered":"http:\/\/www.nvssf.com\/forbundet\/?p=5604"},"modified":"2020-02-26T14:34:22","modified_gmt":"2020-02-26T13:34:22","slug":"nordvastskanskt-deltagande-i-masken-alen","status":"publish","type":"post","link":"https:\/\/www.nvssf.com\/forbundet\/nordvastskanskt-deltagande-i-masken-alen\/","title":{"rendered":"Nordv\u00e4stsk\u00e5nskt deltagande i Masken\/\u00c5len"},"content":{"rendered":"<p><a href=\"https:\/\/www.nvssf.com\/forbundet\/wp-content\/uploads\/2017\/12\/skSandloparenlogga.png\"><img loading=\"lazy\" decoding=\"async\" class=\"alignleft size-thumbnail wp-image-5427\" src=\"https:\/\/www.nvssf.com\/forbundet\/wp-content\/uploads\/2017\/12\/skSandloparenlogga-150x123.png\" alt=\"\" width=\"150\" height=\"123\" srcset=\"https:\/\/www.nvssf.com\/forbundet\/wp-content\/uploads\/2017\/12\/skSandloparenlogga-150x123.png 150w, https:\/\/www.nvssf.com\/forbundet\/wp-content\/uploads\/2017\/12\/skSandloparenlogga-300x246.png 300w, https:\/\/www.nvssf.com\/forbundet\/wp-content\/uploads\/2017\/12\/skSandloparenlogga-366x300.png 366w, https:\/\/www.nvssf.com\/forbundet\/wp-content\/uploads\/2017\/12\/skSandloparenlogga.png 394w\" sizes=\"(max-width: 150px) 100vw, 150px\" \/><\/a><a href=\"https:\/\/www.nvssf.com\/forbundet\/wp-content\/uploads\/2015\/02\/skaneschack.gif\"><img loading=\"lazy\" decoding=\"async\" class=\"alignright size-full wp-image-1267\" src=\"https:\/\/www.nvssf.com\/forbundet\/wp-content\/uploads\/2015\/02\/skaneschack.gif\" alt=\"\" width=\"71\" height=\"74\" \/><\/a><\/p>\n<p>&nbsp;<\/p>\n<p>&nbsp;<\/p>\n<p>&nbsp;<\/p>\n<p>P\u00e5 l\u00f6rdag, 3 februari, spelas junior-t\u00e4vlingen <strong>Masken\/\u00c5len<\/strong> i S\u00f6dra Sandby. Arrang\u00f6r \u00e4r <a href=\"http:\/\/www.sksandloparen.se\/\" target=\"_blank\" rel=\"noopener noreferrer\">SK Sandl\u00f6paren<\/a> och <a href=\"http:\/\/www.skaneschack.se\/\" target=\"_blank\" rel=\"noopener noreferrer\">Sk\u00e5nes SF<\/a>. Bet\u00e4nketiden som anv\u00e4nds \u00e4r 20 minuter per spelare\/parti och man spelar 7 ronder. T\u00e4vlingen spelas i fyra olika \u00e5ldersklasser:<\/p>\n<pre>Juniorer (\u00c5len A) ..................f\u00f6dda 1997-2000 \r\nKadetter (\u00c5len B) ..................f\u00f6dda 2001-2004 \r\nMiniorer (MASKen A).................f\u00f6dda 2005-2006 \r\nYngre Miniorer (MASKen B)...........f\u00f6dda 2007 och senare<\/pre>\n<p>En extra morot f\u00f6r att deltaga i Masken\/\u00c5len \u00e4r att den ing\u00e5r i Sk\u00e5nes SF junior Grand Prix. Den aktuella st\u00e4llningen i GP hittar du h\u00e4r. I den st\u00e4llningen kan man notera att flera nordv\u00e4stsk\u00e5nska juniorer har framskjutna placeringar i sina \u00e5ldersgrupper:<\/p>\n<ul>\n<li>Juniorklassen: <strong>Filip Jonsson,Helsingborgs ASK<\/strong> 2:a<\/li>\n<li>Kadettklassen: <strong>Tomasz Szczcepanowski,Helsingborgs ASK<\/strong> 8:a<\/li>\n<li>Miniorklassen: <strong>Ylva Jussila,Samuel Larsson,Jokubas Sauklys<\/strong> (samtliga Helsingborgs ASK) 6 &#8211; 8 plats.<\/li>\n<li>Yngre Miniorer: <strong>Sixten Wallin,Helsingborgs SS<\/strong> 8:a<\/li>\n<\/ul>\n<p>Av dom ovann\u00e4mnda ska \u00e5tminstone Sixten deltaga p\u00e5 l\u00f6rdag s\u00e5 d\u00e4r finns chans till att plocka en del placeringar. Helsingborgs ASK kommer \u00e4ven att deltaga med ett flertal spelare. Ifr\u00e5n <strong>\u00c5storps SS<\/strong> kommer cirka 3 &#8211; 4 spelare finnas med i miniorklassen.<\/p>\n<p>| Inbjudan med all info om t\u00e4vlingen |<\/p>\n","protected":false},"excerpt":{"rendered":"<p>&nbsp; &nbsp; &nbsp; P\u00e5 l\u00f6rdag, 3 februari, spelas junior-t\u00e4vlingen Masken\/\u00c5len i S\u00f6dra Sandby. Arrang\u00f6r \u00e4r SK Sandl\u00f6paren och Sk\u00e5nes SF. Bet\u00e4nketiden som anv\u00e4nds \u00e4r 20 minuter per spelare\/parti och man spelar 7 ronder. T\u00e4vlingen spelas i fyra olika \u00e5ldersklasser: Juniorer &hellip; <a href=\"https:\/\/www.nvssf.com\/forbundet\/nordvastskanskt-deltagande-i-masken-alen\/\">Forts\u00e4tt l\u00e4sa <span class=\"meta-nav\">&rarr;<\/span><\/a><\/p>\n","protected":false},"author":2,"featured_media":0,"comment_status":"open","ping_status":"open","sticky":false,"template":"","format":"standard","meta":{"_acf_changed":false,"footnotes":""},"categories":[9,14],"tags":[43,41,48],"acf":[],"_links":{"self":[{"href":"https:\/\/www.nvssf.com\/forbundet\/wp-json\/wp\/v2\/posts\/5604"}],"collection":[{"href":"https:\/\/www.nvssf.com\/forbundet\/wp-json\/wp\/v2\/posts"}],"about":[{"href":"https:\/\/www.nvssf.com\/forbundet\/wp-json\/wp\/v2\/types\/post"}],"author":[{"embeddable":true,"href":"https:\/\/www.nvssf.com\/forbundet\/wp-json\/wp\/v2\/users\/2"}],"replies":[{"embeddable":true,"href":"https:\/\/www.nvssf.com\/forbundet\/wp-json\/wp\/v2\/comments?post=5604"}],"version-history":[{"count":1,"href":"https:\/\/www.nvssf.com\/forbundet\/wp-json\/wp\/v2\/posts\/5604\/revisions"}],"predecessor-version":[{"id":8539,"href":"https:\/\/www.nvssf.com\/forbundet\/wp-json\/wp\/v2\/posts\/5604\/revisions\/8539"}],"wp:attachment":[{"href":"https:\/\/www.nvssf.com\/forbundet\/wp-json\/wp\/v2\/media?parent=5604"}],"wp:term":[{"taxonomy":"category","embeddable":true,"href":"https:\/\/www.nvssf.com\/forbundet\/wp-json\/wp\/v2\/categories?post=5604"},{"taxonomy":"post_tag","embeddable":true,"href":"https:\/\/www.nvssf.com\/forbundet\/wp-json\/wp\/v2\/tags?post=5604"}],"curies":[{"name":"wp","href":"https:\/\/api.w.org\/{rel}","templated":true}]}}