{"id":5630,"date":"2018-02-09T14:14:13","date_gmt":"2018-02-09T13:14:13","guid":{"rendered":"http:\/\/www.nvssf.com\/forbundet\/?p=5630"},"modified":"2018-02-09T14:14:13","modified_gmt":"2018-02-09T13:14:13","slug":"kallelse-till-arsmote-i-nordvastra-skanes-schackforbund","status":"publish","type":"post","link":"https:\/\/www.nvssf.com\/forbundet\/kallelse-till-arsmote-i-nordvastra-skanes-schackforbund\/","title":{"rendered":"Kallelse till \u00e5rsm\u00f6te i Nordv\u00e4stra Sk\u00e5nes Schackf\u00f6rbund"},"content":{"rendered":"<p><a href=\"https:\/\/www.nvssf.com\/forbundet\/wp-content\/uploads\/2014\/03\/NVSSFlogo.jpg\"><img loading=\"lazy\" decoding=\"async\" class=\"aligncenter size-full wp-image-6\" src=\"https:\/\/www.nvssf.com\/forbundet\/wp-content\/uploads\/2014\/03\/NVSSFlogo.jpg\" alt=\"\" width=\"82\" height=\"82\" \/><\/a>Nordv\u00e4stra Sk\u00e5nes Schackf\u00f6rbunds bjuder in medlemsklubbarna till \u00e5rsm\u00f6te. \u00c5rsm\u00f6tet h\u00e5lls l\u00f6rdagen den 10 mars klockan 14:00 p\u00e5 Helsingborgs schackallians lokal, Tr\u00e4dg\u00e5rdsgatan 11 i Helsingborg. Om ni vill vara representerade p\u00e5 \u00e5rsm\u00f6tet ska detta f\u00f6ranm\u00e4las.<\/p>\n<p><strong>En schackklubb<\/strong> ska representeras av ordf\u00f6rande eller en medlem med en fullmakt fr\u00e5n klubbens ordf\u00f6rande. R\u00f6stl\u00e4ngden baseras p\u00e5 schackklubbens medlemsantal den 31 januari 2018 i Sveriges schackf\u00f6rbunds register f\u00f6r \u00e5ret 2017.<\/p>\n<p><strong>En skolschackklubb<\/strong> ska representeras av skolans rektor eller en vuxen fr\u00e5n skolan, denna vuxne ska ha med sig en fullmakt fr\u00e5n skolans rektor. R\u00f6stl\u00e4ngden baseras p\u00e5 skolschackklubbens medlemsantal den 31 januari 2018 i Sveriges schackf\u00f6rbunds register f\u00f6r \u00e5ret 2017.<\/p>\n<p>Motioner och f\u00f6ranm\u00e4lan skickas till eric.nordin.hbg@hotmail.com senast den 3 mars.<\/p>\n<h2>Dagordning.<\/h2>\n<p>\u00c2\u00a71. M\u00f6tets \u00f6ppnande<br \/>\n\u00c2\u00a72. Val av m\u00f6tesordf\u00f6rande<br \/>\n\u00c2\u00a73. Val av m\u00f6tessekreterare<br \/>\n\u00c2\u00a74. Val av tv\u00e5 justeringsm\u00e4n att justera \u00e5rsm\u00f6tets protokoll<br \/>\n\u00c2\u00a75. Upprop och fastst\u00e4llande av r\u00f6stl\u00e4ngden<br \/>\n\u00c2\u00a76. Dagordningen godk\u00e4nde<br \/>\n\u00c2\u00a77. \u00c5rsm\u00f6tets beh\u00f6riga utlysande<br \/>\n\u00c2\u00a78. Styrelsens verksamhetsber\u00e4ttelse och ekonomiska ber\u00e4ttelse<br \/>\n\u00c2\u00a79. Revisorernas ber\u00e4ttelse<br \/>\n\u00c2\u00a710. Fr\u00e5gan om ansvarsfrihet<br \/>\n\u00c2\u00a711. Behandling av inkomna motioner och styrelsens f\u00f6rslag<br \/>\n\u00c2\u00a712. Best\u00e4mmande av medlemsavgiften f\u00f6r n\u00e4stkommande \u00e5r<br \/>\n\u00c2\u00a713. Best\u00e4mmande av ers\u00e4ttningar<br \/>\n\u00c2\u00a714. Val av ordf\u00f6rande (avg. Stefan H\u00e5kansson)<br \/>\n\u00c2\u00a715. Val av styrelse (avg. Roland Johansson, Eric Nordin och en vakant plats) och suppleant (avg. Mikael Svensson)<br \/>\n\u00c2\u00a716. Val av revisorer (avg. Ted Sandb\u00e4ck och Daniel Johansson) och suppleant (vakant)<br \/>\n\u00c2\u00a717. Val av ombud till SSFs kongress<br \/>\n\u00c2\u00a718. Val av valberedning (avg. Cai Jussila och Johan Knutsson)<br \/>\n\u00c2\u00a719. \u00d6vriga fr\u00e5gor<br \/>\n\u00c2\u00a720. M\u00f6tets avslutande<\/p>\n<p>V\u00e4lkomna<br \/>\nStyrelsen i NvSSF den 8 februari 2018<\/p>\n<h3>pdf versioner av inbjudan<\/h3>\n<p><a href=\"https:\/\/www.nvssf.com\/forbundet\/wp-content\/uploads\/2018\/02\/arsmotet2018schackklubbar.pdf\" target=\"_blank\" rel=\"noopener\">inbjudan f\u00f6r vanliga schackklubbar<\/a><\/p>\n<p><a href=\"https:\/\/www.nvssf.com\/forbundet\/wp-content\/uploads\/2018\/02\/arsmotet2018skolschackklubbar.pdf\" target=\"_blank\" rel=\"noopener\">inbjudan f\u00f6r skolschackklubbar<\/a><\/p>\n","protected":false},"excerpt":{"rendered":"<p>Nordv\u00e4stra Sk\u00e5nes Schackf\u00f6rbunds bjuder in medlemsklubbarna till \u00e5rsm\u00f6te. \u00c5rsm\u00f6tet h\u00e5lls l\u00f6rdagen den 10 mars klockan 14:00 p\u00e5 Helsingborgs schackallians lokal, Tr\u00e4dg\u00e5rdsgatan 11 i Helsingborg. Om ni vill vara representerade p\u00e5 \u00e5rsm\u00f6tet ska detta f\u00f6ranm\u00e4las. En schackklubb ska representeras av ordf\u00f6rande &hellip; <a href=\"https:\/\/www.nvssf.com\/forbundet\/kallelse-till-arsmote-i-nordvastra-skanes-schackforbund\/\">Forts\u00e4tt l\u00e4sa <span class=\"meta-nav\">&rarr;<\/span><\/a><\/p>\n","protected":false},"author":2,"featured_media":0,"comment_status":"open","ping_status":"open","sticky":false,"template":"","format":"standard","meta":{"_acf_changed":false,"footnotes":""},"categories":[13],"tags":[65],"acf":[],"_links":{"self":[{"href":"https:\/\/www.nvssf.com\/forbundet\/wp-json\/wp\/v2\/posts\/5630"}],"collection":[{"href":"https:\/\/www.nvssf.com\/forbundet\/wp-json\/wp\/v2\/posts"}],"about":[{"href":"https:\/\/www.nvssf.com\/forbundet\/wp-json\/wp\/v2\/types\/post"}],"author":[{"embeddable":true,"href":"https:\/\/www.nvssf.com\/forbundet\/wp-json\/wp\/v2\/users\/2"}],"replies":[{"embeddable":true,"href":"https:\/\/www.nvssf.com\/forbundet\/wp-json\/wp\/v2\/comments?post=5630"}],"version-history":[{"count":1,"href":"https:\/\/www.nvssf.com\/forbundet\/wp-json\/wp\/v2\/posts\/5630\/revisions"}],"predecessor-version":[{"id":5633,"href":"https:\/\/www.nvssf.com\/forbundet\/wp-json\/wp\/v2\/posts\/5630\/revisions\/5633"}],"wp:attachment":[{"href":"https:\/\/www.nvssf.com\/forbundet\/wp-json\/wp\/v2\/media?parent=5630"}],"wp:term":[{"taxonomy":"category","embeddable":true,"href":"https:\/\/www.nvssf.com\/forbundet\/wp-json\/wp\/v2\/categories?post=5630"},{"taxonomy":"post_tag","embeddable":true,"href":"https:\/\/www.nvssf.com\/forbundet\/wp-json\/wp\/v2\/tags?post=5630"}],"curies":[{"name":"wp","href":"https:\/\/api.w.org\/{rel}","templated":true}]}}