{"id":5669,"date":"2018-02-21T11:33:14","date_gmt":"2018-02-21T10:33:14","guid":{"rendered":"http:\/\/www.nvssf.com\/forbundet\/?p=5669"},"modified":"2018-02-21T11:33:14","modified_gmt":"2018-02-21T10:33:14","slug":"ghayth-idris-deltog-i-malmo-as-oppna-blixt-km","status":"publish","type":"post","link":"https:\/\/www.nvssf.com\/forbundet\/ghayth-idris-deltog-i-malmo-as-oppna-blixt-km\/","title":{"rendered":"Ghayth &#038; Idris deltog i Malm\u00f6 AS \u00f6ppna Blixt-KM"},"content":{"rendered":"<p><a href=\"https:\/\/www.nvssf.com\/forbundet\/wp-content\/uploads\/2015\/10\/MAS_Logo_300x300.png\"><img loading=\"lazy\" decoding=\"async\" class=\"alignleft size-thumbnail wp-image-2149\" src=\"https:\/\/www.nvssf.com\/forbundet\/wp-content\/uploads\/2015\/10\/MAS_Logo_300x300-150x150.png\" alt=\"\" width=\"150\" height=\"150\" srcset=\"https:\/\/www.nvssf.com\/forbundet\/wp-content\/uploads\/2015\/10\/MAS_Logo_300x300-150x150.png 150w, https:\/\/www.nvssf.com\/forbundet\/wp-content\/uploads\/2015\/10\/MAS_Logo_300x300.png 300w\" sizes=\"(max-width: 150px) 100vw, 150px\" \/><\/a><\/p>\n<p>Tjugotv\u00e5 spelare kom till start ig\u00e5r n\u00e4r <a href=\"http:\/\/www.malmoschack.com\/fm-mladen-gajic-eksjo-sk-segrade-oppna-blixt-km\/\" target=\"_blank\" rel=\"noopener\">Malm\u00f6 AS<\/a> arrangerade sitt \u00d6ppna Blixt-KM. Segrade gjorde den f\u00f6re detta Malm\u00f6 AS spelaren (numera Eksj\u00f6 SK) <strong>FM Mladen Gajic<\/strong>. Andraplatsen togs av <strong>Carlos Th\u00f6rnberg<\/strong> ifr\u00e5n Limhamns SK.<\/p>\n<p>Tv\u00e5 spelare ifr\u00e5n Helsingborgs Schacks\u00e4llskap,<strong>Ghayth Tabaa<\/strong> och <strong>Idris Amin<\/strong>, deltog. Tabaa hamnade p\u00e5 8:e plats och Idris p\u00e5 11:e.<\/p>\n<p>| <a href=\"https:\/\/member.schack.se\/ShowTournamentServlet?id=5564&amp;listingtype=2\" target=\"_blank\" rel=\"noopener\">Tabell<\/a> |<\/p>\n","protected":false},"excerpt":{"rendered":"<p>Tjugotv\u00e5 spelare kom till start ig\u00e5r n\u00e4r Malm\u00f6 AS arrangerade sitt \u00d6ppna Blixt-KM. Segrade gjorde den f\u00f6re detta Malm\u00f6 AS spelaren (numera Eksj\u00f6 SK) FM Mladen Gajic. Andraplatsen togs av Carlos Th\u00f6rnberg ifr\u00e5n Limhamns SK. Tv\u00e5 spelare ifr\u00e5n Helsingborgs Schacks\u00e4llskap,Ghayth &hellip; <a href=\"https:\/\/www.nvssf.com\/forbundet\/ghayth-idris-deltog-i-malmo-as-oppna-blixt-km\/\">Forts\u00e4tt l\u00e4sa <span class=\"meta-nav\">&rarr;<\/span><\/a><\/p>\n","protected":false},"author":2,"featured_media":0,"comment_status":"open","ping_status":"open","sticky":false,"template":"","format":"standard","meta":{"_acf_changed":false,"footnotes":""},"categories":[14],"tags":[48],"acf":[],"_links":{"self":[{"href":"https:\/\/www.nvssf.com\/forbundet\/wp-json\/wp\/v2\/posts\/5669"}],"collection":[{"href":"https:\/\/www.nvssf.com\/forbundet\/wp-json\/wp\/v2\/posts"}],"about":[{"href":"https:\/\/www.nvssf.com\/forbundet\/wp-json\/wp\/v2\/types\/post"}],"author":[{"embeddable":true,"href":"https:\/\/www.nvssf.com\/forbundet\/wp-json\/wp\/v2\/users\/2"}],"replies":[{"embeddable":true,"href":"https:\/\/www.nvssf.com\/forbundet\/wp-json\/wp\/v2\/comments?post=5669"}],"version-history":[{"count":1,"href":"https:\/\/www.nvssf.com\/forbundet\/wp-json\/wp\/v2\/posts\/5669\/revisions"}],"predecessor-version":[{"id":5670,"href":"https:\/\/www.nvssf.com\/forbundet\/wp-json\/wp\/v2\/posts\/5669\/revisions\/5670"}],"wp:attachment":[{"href":"https:\/\/www.nvssf.com\/forbundet\/wp-json\/wp\/v2\/media?parent=5669"}],"wp:term":[{"taxonomy":"category","embeddable":true,"href":"https:\/\/www.nvssf.com\/forbundet\/wp-json\/wp\/v2\/categories?post=5669"},{"taxonomy":"post_tag","embeddable":true,"href":"https:\/\/www.nvssf.com\/forbundet\/wp-json\/wp\/v2\/tags?post=5669"}],"curies":[{"name":"wp","href":"https:\/\/api.w.org\/{rel}","templated":true}]}}