{"id":5717,"date":"2018-03-10T15:52:18","date_gmt":"2018-03-10T14:52:18","guid":{"rendered":"http:\/\/www.nvssf.com\/forbundet\/?p=5717"},"modified":"2018-03-10T15:52:18","modified_gmt":"2018-03-10T14:52:18","slug":"arsmotet-2018","status":"publish","type":"post","link":"https:\/\/www.nvssf.com\/forbundet\/arsmotet-2018\/","title":{"rendered":"\u00c5rsm\u00f6tet 2018"},"content":{"rendered":"<p><a href=\"https:\/\/www.nvssf.com\/forbundet\/wp-content\/uploads\/2014\/05\/nvssf_logo_white.gif\"><img loading=\"lazy\" decoding=\"async\" class=\"aligncenter size-full wp-image-397\" src=\"https:\/\/www.nvssf.com\/forbundet\/wp-content\/uploads\/2014\/05\/nvssf_logo_white.gif\" alt=\"\" width=\"85\" height=\"81\" \/><\/a><\/p>\n<p>Enda f\u00f6r\u00e4ndringen i styrelsen efter \u00e5rsm\u00f6tet \u00e4r att <strong>Leif Boman,Klippans SK<\/strong> \u00e4r ny viceordf\u00f6rande. Se alla poster h\u00e4r:\u00c2\u00a0<a href=\"https:\/\/www.nvssf.com\/forbundet\/styrelsen\/\">https:\/\/www.nvssf.com\/forbundet\/styrelsen\/<\/a><\/p>\n","protected":false},"excerpt":{"rendered":"<p>Enda f\u00f6r\u00e4ndringen i styrelsen efter \u00e5rsm\u00f6tet \u00e4r att Leif Boman,Klippans SK \u00e4r ny viceordf\u00f6rande. Se alla poster h\u00e4r:\u00c2\u00a0https:\/\/www.nvssf.com\/forbundet\/styrelsen\/<\/p>\n","protected":false},"author":2,"featured_media":0,"comment_status":"open","ping_status":"open","sticky":false,"template":"","format":"standard","meta":{"_acf_changed":false,"footnotes":""},"categories":[13],"tags":[],"acf":[],"_links":{"self":[{"href":"https:\/\/www.nvssf.com\/forbundet\/wp-json\/wp\/v2\/posts\/5717"}],"collection":[{"href":"https:\/\/www.nvssf.com\/forbundet\/wp-json\/wp\/v2\/posts"}],"about":[{"href":"https:\/\/www.nvssf.com\/forbundet\/wp-json\/wp\/v2\/types\/post"}],"author":[{"embeddable":true,"href":"https:\/\/www.nvssf.com\/forbundet\/wp-json\/wp\/v2\/users\/2"}],"replies":[{"embeddable":true,"href":"https:\/\/www.nvssf.com\/forbundet\/wp-json\/wp\/v2\/comments?post=5717"}],"version-history":[{"count":1,"href":"https:\/\/www.nvssf.com\/forbundet\/wp-json\/wp\/v2\/posts\/5717\/revisions"}],"predecessor-version":[{"id":5719,"href":"https:\/\/www.nvssf.com\/forbundet\/wp-json\/wp\/v2\/posts\/5717\/revisions\/5719"}],"wp:attachment":[{"href":"https:\/\/www.nvssf.com\/forbundet\/wp-json\/wp\/v2\/media?parent=5717"}],"wp:term":[{"taxonomy":"category","embeddable":true,"href":"https:\/\/www.nvssf.com\/forbundet\/wp-json\/wp\/v2\/categories?post=5717"},{"taxonomy":"post_tag","embeddable":true,"href":"https:\/\/www.nvssf.com\/forbundet\/wp-json\/wp\/v2\/tags?post=5717"}],"curies":[{"name":"wp","href":"https:\/\/api.w.org\/{rel}","templated":true}]}}