{"id":5753,"date":"2018-03-18T14:29:52","date_gmt":"2018-03-18T13:29:52","guid":{"rendered":"http:\/\/www.nvssf.com\/forbundet\/?p=5753"},"modified":"2018-03-18T14:29:52","modified_gmt":"2018-03-18T13:29:52","slug":"astorps-ss-kval-till-superettan","status":"publish","type":"post","link":"https:\/\/www.nvssf.com\/forbundet\/astorps-ss-kval-till-superettan\/","title":{"rendered":"\u00c5storps SS kval till Superettan"},"content":{"rendered":"<p><a href=\"https:\/\/www.nvssf.com\/forbundet\/wp-content\/uploads\/2015\/10\/ass_small_logo.gif\"><img loading=\"lazy\" decoding=\"async\" class=\"alignleft size-full wp-image-2058\" src=\"https:\/\/www.nvssf.com\/forbundet\/wp-content\/uploads\/2015\/10\/ass_small_logo.gif\" alt=\"\" width=\"70\" height=\"67\" \/><\/a>\u00c5storps fick en tuff uppgift idag n\u00e4r man m\u00f6tte V\u00e4ster\u00e5s II i kvalet till Superettan. V\u00e4ster\u00e5s m\u00f6nstrade ett lag med tre FM och hade 186 po\u00e4ng mer i snittranking. N\u00e4r dessutom \u00c5storp saknade ett par ordinarie spelare s\u00e5 kan man f\u00f6rst\u00e5 att V\u00e4ster\u00e5s segersiffror till slut skrevs till hela 7\u00bd &#8211; \u00bd.<\/p>\n<pre>FM Johan Norberg\t2292\t1-0\tG\u00f6sta Petersson\t\t2133\r\nFM Peter Bergstr\u00f6m\t2289\t1-0\tOle Larsen\t\t2212\r\n   Johan Kretz\t\t2234\t1-0\tMende Dimovski\t\t2171\r\nFM Anders Eriksson\t2239\t1-0\tJan Bengtsson\t\t1988\r\nCM Ludvig Carlsson\t2224\t\u00bd-\u00bd\tAdnan Abedinov\t\t2106\r\n   Love\tJanse\t\t2212\t1-0\tStefan Andersson\t1990\r\nCM Erik\tNorberg\t   \t2217\t1-0\tStaffan Thomasson\t1839\r\n   Johan Nordebrink\t2149\t1-0\tLars F Olsson\t\t1932\r\n<\/pre>\n","protected":false},"excerpt":{"rendered":"<p>\u00c5storps fick en tuff uppgift idag n\u00e4r man m\u00f6tte V\u00e4ster\u00e5s II i kvalet till Superettan. V\u00e4ster\u00e5s m\u00f6nstrade ett lag med tre FM och hade 186 po\u00e4ng mer i snittranking. N\u00e4r dessutom \u00c5storp saknade ett par ordinarie spelare s\u00e5 kan man &hellip; <a href=\"https:\/\/www.nvssf.com\/forbundet\/astorps-ss-kval-till-superettan\/\">Forts\u00e4tt l\u00e4sa <span class=\"meta-nav\">&rarr;<\/span><\/a><\/p>\n","protected":false},"author":2,"featured_media":0,"comment_status":"open","ping_status":"open","sticky":false,"template":"","format":"standard","meta":{"_acf_changed":false,"footnotes":""},"categories":[11,14],"tags":[43],"acf":[],"_links":{"self":[{"href":"https:\/\/www.nvssf.com\/forbundet\/wp-json\/wp\/v2\/posts\/5753"}],"collection":[{"href":"https:\/\/www.nvssf.com\/forbundet\/wp-json\/wp\/v2\/posts"}],"about":[{"href":"https:\/\/www.nvssf.com\/forbundet\/wp-json\/wp\/v2\/types\/post"}],"author":[{"embeddable":true,"href":"https:\/\/www.nvssf.com\/forbundet\/wp-json\/wp\/v2\/users\/2"}],"replies":[{"embeddable":true,"href":"https:\/\/www.nvssf.com\/forbundet\/wp-json\/wp\/v2\/comments?post=5753"}],"version-history":[{"count":1,"href":"https:\/\/www.nvssf.com\/forbundet\/wp-json\/wp\/v2\/posts\/5753\/revisions"}],"predecessor-version":[{"id":5754,"href":"https:\/\/www.nvssf.com\/forbundet\/wp-json\/wp\/v2\/posts\/5753\/revisions\/5754"}],"wp:attachment":[{"href":"https:\/\/www.nvssf.com\/forbundet\/wp-json\/wp\/v2\/media?parent=5753"}],"wp:term":[{"taxonomy":"category","embeddable":true,"href":"https:\/\/www.nvssf.com\/forbundet\/wp-json\/wp\/v2\/categories?post=5753"},{"taxonomy":"post_tag","embeddable":true,"href":"https:\/\/www.nvssf.com\/forbundet\/wp-json\/wp\/v2\/tags?post=5753"}],"curies":[{"name":"wp","href":"https:\/\/api.w.org\/{rel}","templated":true}]}}