{"id":583,"date":"2014-08-07T12:29:55","date_gmt":"2014-08-07T10:29:55","guid":{"rendered":"http:\/\/www.nvssf.com\/forbundet\/?p=583"},"modified":"2014-08-14T17:07:56","modified_gmt":"2014-08-14T15:07:56","slug":"international-chess-holiday-i-prag","status":"publish","type":"post","link":"https:\/\/www.nvssf.com\/forbundet\/international-chess-holiday-i-prag\/","title":{"rendered":"International Chess Holiday i Prag"},"content":{"rendered":"<p>Som tidigare har n\u00e4mnts p\u00e5 denna sida s\u00e5 deltog ett helt g\u00e4ng nordv\u00e4stsk\u00e5ningar i International Chess Holiday. Jag har f\u00e5tt en reseber\u00e4ttelse skickad till mig f\u00f6rfattad av Peter Dalling plus ett parti ifr\u00e5n Patrik Nilsson. Jag l\u00e4mnar \u00f6ver ordet till Peter Dalling:<\/p>\n<blockquote><p>Den 27 juli inleddes f\u00f6r v\u00e5r del den 24:e upplagan av International Chess Summer Holiday p\u00e5 det fyrstj\u00e4rniga hotell Amarilis ca 300 meter fr\u00e5n Prags hj\u00e4rta, Vaclavplatsen.<\/p>\n<p>Turneringen spelas \u00f6ver tre veckor och man kan v\u00e4lja den vecka som passar en b\u00e4st \u00e2\u20ac\u201c vi valde s\u00e5ledes den andra. Dessa \u00e2\u20ac\u009dvi\u00e2\u20ac\u009d var den outtr\u00f6ttlige Staffan Thomasson<!--more--> (som \u00e4ven spelar den tredje och sista veckan), Patrik Nilsson, Stefan Myrenfors, Walter Steffert, Lars Segerstr\u00f6m, Stefan Andersson, Bosse Gustafson och undertecknad. De flesta av oss \u00e4r stamg\u00e4ster och har deltagit flera g\u00e5nger; rekordet innehas av Staffan och mig med 23!<\/p>\n<p>Turneringen best\u00e5r av en M\u00e4starklass med snittrating i \u00e5r p\u00e5 2060, en Kandidat (1950), en med ca 1700, en med ca 1500 och en f\u00f6r de allra svagaste spelarna. Bet\u00e4nketiden \u00e4r max 4 timmar Till\u00e4ggas b\u00f6r att l\u00e5ngpartierna i de tv\u00e5 h\u00f6gsta klasserna Fideregistreras.<\/p>\n<p>Vidare kan man spela Rapid, 2 ggr 30 minuter f\u00f6r hela partiet, om man inte har lust att spela l\u00e5ngpartier. Dessutom \u00e4r torsdag \u00e2\u20ac\u009dfridag\u00e2\u20ac\u009d i Rapidgruppen, d\u00e5 olika utflykter arrangeras av ledningen.<\/p>\n<p>Patrik satte i skr\u00e4ck i sina motst\u00e5ndare i M\u00e4starklassen och vann\u00c2\u00a0 s\u00e4kert.\u00c2\u00a0 En av dem som darrar, n\u00e4r han m\u00f6ter honom \u00e4r FM Gregor med 2307 i rating. \u00c4ven i \u00e5r blev han mosad av Patrik, som tidigare under veckan \u00e4ven mosade GM Sergej Kasparov i ett simultanparti. Herr Nilssons \u00e2\u20ac\u009dperformancerating\u00e2\u20ac\u009d ligger p\u00e5 \u00f6ver 2300!<\/p>\n<p>\u00c4ven jag spelade i M\u00e4starklassen, d\u00e4r jag var l\u00e4gst rankad. Mitt resultat speglar min rating och jag blev 8:a av tio. Trots min urusla insats, spelade jag mitt livs b\u00e4sta parti &#8211; mot Gregor &#8211; och var ett drag fr\u00e5n att vinna, vilket tidsn\u00f6den f\u00f6rhindrade.<\/p>\n<p>Staffan spelade i Kandidat och lyckades inte besegra sina motst\u00e5ndare. On\u00f6diga f\u00f6rluster sliter p\u00e5 psyket. Det \u00e4r m\u00e4rkligt hur formen kan variera \u00e2\u20ac\u201c f\u00f6r ett par \u00e5r sedan vann han M\u00e4starklassen.<\/p>\n<p>Stefan Andersson, tidigare \u00c4ngelholms Schackklubb, gjorde efter ett n\u00e4stan tre decennier l\u00e5ngt uppeh\u00e5ll, come back i de allvarligare sammanhangen, och tog hela 5 po\u00e4ng i samma grupp som Staffan. Det \u00e4r imponerande.<\/p>\n<p>Stefan Myrenfors vann sin grupp, liksom Patrik, utan problem. Det har g\u00e5tt s\u00e5 bra f\u00f6r honom de senaste \u00e5ren, att han nu best\u00e4mt sig f\u00f6r att spela i en h\u00f6gre rankad grupp n\u00e4sta \u00e5r.<\/p>\n<p>Bosse, Walter och Lars deltog i Rapidturneringen, \u00e4ven den indelad i en stark och en mindre stark grupp sett ur ratingsynpunkt. Bosse var v\u00e5r favorit men han n\u00e5dde inte \u00e4nda fram till segern.<\/p>\n<p>Walter och Lars kom p\u00e5 nedre halvan i startf\u00e4ltet.<\/p>\n<p>Under de sammanlagt tre veckorna m\u00f6ts h\u00e4r deltagare fr\u00e5n flera europeiska l\u00e4nder, f\u00f6retr\u00e4desvis Tyskland och Tjeckien. I \u00e5r deltog \u00e4ven en amerikan.<\/p>\n<p>Po\u00e4ngen med Pragveckorna \u00e4r, som titeln antyder, inte bara schack. Det arrangeras resor till n\u00e4rliggande attraktioner, i \u00e5r faktiskt \u00e4ven till ett bryggeri \u00e2\u20ac\u201c en heldag med trer\u00e4ttersmiddag och dryck, givetvis.<\/p>\n<p>V\u00e5r ickeschackliga h\u00f6jdpunkt i somras var det traditionella bes\u00f6ket p\u00e5 Reduta, Prags \u00e4ldsta jazzklubb men det var inte jazz den h\u00e4r kv\u00e4llen utan en amerikansk s\u00e5ngerska som tillsammans med ett fenomenalt bluesband (Mojo Band?) sj\u00f6ng och spelade musten ur oss. Hennes efternamn \u00e4r Jenkins, minns inte f\u00f6rnamnet, och hon \u00e4r v\u00e4rd att googla.<\/p>\n<p>N\u00e4r det var som allra varmast, bort\u00e5t 35 grader, drog vi iv\u00e4g till ett gigantiskt utomhusbad i utkanten av stan. Vi ser i regel till att komma till Prag n\u00e5gra dagar f\u00f6re spelstart f\u00f6r att just kunna slappa och ha det gott.<\/p>\n<p>N\u00e4sta \u00e5r \u00e4r det 25-\u00e5rsjubileum och det ska firas rej\u00e4lt.<\/p>\n<p>Peter Dalling<br \/>\nNedan f\u00f6ljer ett av Patriks partier kommenterat av vinnaren.<\/p>\n<p>&nbsp;<\/p><\/blockquote>\n<p><!--more--><\/p>\n<p><!--more--><\/p>\n","protected":false},"excerpt":{"rendered":"<p>Som tidigare har n\u00e4mnts p\u00e5 denna sida s\u00e5 deltog ett helt g\u00e4ng nordv\u00e4stsk\u00e5ningar i International Chess Holiday. Jag har f\u00e5tt en reseber\u00e4ttelse skickad till mig f\u00f6rfattad av Peter Dalling plus ett parti ifr\u00e5n Patrik Nilsson. Jag l\u00e4mnar \u00f6ver ordet till &hellip; <a href=\"https:\/\/www.nvssf.com\/forbundet\/international-chess-holiday-i-prag\/\">Forts\u00e4tt l\u00e4sa <span class=\"meta-nav\">&rarr;<\/span><\/a><\/p>\n","protected":false},"author":2,"featured_media":0,"comment_status":"open","ping_status":"open","sticky":false,"template":"","format":"standard","meta":{"_acf_changed":false,"footnotes":""},"categories":[15],"tags":[],"acf":[],"_links":{"self":[{"href":"https:\/\/www.nvssf.com\/forbundet\/wp-json\/wp\/v2\/posts\/583"}],"collection":[{"href":"https:\/\/www.nvssf.com\/forbundet\/wp-json\/wp\/v2\/posts"}],"about":[{"href":"https:\/\/www.nvssf.com\/forbundet\/wp-json\/wp\/v2\/types\/post"}],"author":[{"embeddable":true,"href":"https:\/\/www.nvssf.com\/forbundet\/wp-json\/wp\/v2\/users\/2"}],"replies":[{"embeddable":true,"href":"https:\/\/www.nvssf.com\/forbundet\/wp-json\/wp\/v2\/comments?post=583"}],"version-history":[{"count":0,"href":"https:\/\/www.nvssf.com\/forbundet\/wp-json\/wp\/v2\/posts\/583\/revisions"}],"wp:attachment":[{"href":"https:\/\/www.nvssf.com\/forbundet\/wp-json\/wp\/v2\/media?parent=583"}],"wp:term":[{"taxonomy":"category","embeddable":true,"href":"https:\/\/www.nvssf.com\/forbundet\/wp-json\/wp\/v2\/categories?post=583"},{"taxonomy":"post_tag","embeddable":true,"href":"https:\/\/www.nvssf.com\/forbundet\/wp-json\/wp\/v2\/tags?post=583"}],"curies":[{"name":"wp","href":"https:\/\/api.w.org\/{rel}","templated":true}]}}