{"id":5837,"date":"2018-04-02T18:50:58","date_gmt":"2018-04-02T16:50:58","guid":{"rendered":"http:\/\/www.nvssf.com\/forbundet\/?p=5837"},"modified":"2022-03-28T09:53:05","modified_gmt":"2022-03-28T07:53:05","slug":"abedinov-vann-astorps-ss-annandagshandikapp","status":"publish","type":"post","link":"https:\/\/www.nvssf.com\/forbundet\/abedinov-vann-astorps-ss-annandagshandikapp\/","title":{"rendered":"Abedinov vann \u00c5storps SS annandagshandikapp"},"content":{"rendered":"<p><a href=\"https:\/\/www.nvssf.com\/forbundet\/wp-content\/uploads\/2015\/10\/ass_small_logo.gif\"><img loading=\"lazy\" decoding=\"async\" class=\"alignleft size-full wp-image-2058\" src=\"https:\/\/www.nvssf.com\/forbundet\/wp-content\/uploads\/2015\/10\/ass_small_logo.gif\" alt=\"\" width=\"70\" height=\"67\" \/><\/a><strong>Adnan Abedinov<\/strong> ifr\u00e5n arrang\u00f6rsklubben <span class=\"removed_link\" title=\"http:\/\/www.nvssf.com\/ass\/anmalda-till-annandagshandikappen\/\">\u00c5storps SS<\/span> vann deras tidshandikappturnering som spelades idag i \u00c5storps klubblokal. Adnan tog 7 po\u00e4ng av 8 m\u00f6jliga. Junioren\u00c2\u00a0<strong>Tomasz Szczepanowski,Helsingborgs ASK<\/strong> tog \u00e4ven han 7 po\u00e4ng men hade s\u00e4mre kvalitetspo\u00e4ng och hade dessutom f\u00f6rlorat det inb\u00f6rdes m\u00f6tet.<\/p>\n<p>\u00c4ven tv\u00e5 rankingpriser delades ut bland dom 25 deltagarna. Rankinggrupp 1 vann\u00c2\u00a0<strong>Carlos Th\u00f6rnberg,Limhamns SK<\/strong>. I rankinggrupp 2 delades priset mellan tv\u00e5 juniorer ifr\u00e5n arrang\u00f6rsklubben;\u00c2\u00a0<strong>George Bobocea<\/strong> &amp;\u00c2\u00a0<strong>Muhamed Hamid.<\/strong><\/p>\n","protected":false},"excerpt":{"rendered":"<p>Adnan Abedinov ifr\u00e5n arrang\u00f6rsklubben \u00c5storps SS vann deras tidshandikappturnering som spelades idag i \u00c5storps klubblokal. Adnan tog 7 po\u00e4ng av 8 m\u00f6jliga. Junioren\u00c2\u00a0Tomasz Szczepanowski,Helsingborgs ASK tog \u00e4ven han 7 po\u00e4ng men hade s\u00e4mre kvalitetspo\u00e4ng och hade dessutom f\u00f6rlorat det inb\u00f6rdes &hellip; <a href=\"https:\/\/www.nvssf.com\/forbundet\/abedinov-vann-astorps-ss-annandagshandikapp\/\">Forts\u00e4tt l\u00e4sa <span class=\"meta-nav\">&rarr;<\/span><\/a><\/p>\n","protected":false},"author":2,"featured_media":0,"comment_status":"open","ping_status":"open","sticky":false,"template":"","format":"standard","meta":{"_acf_changed":false,"footnotes":""},"categories":[16],"tags":[43,41,39],"acf":[],"_links":{"self":[{"href":"https:\/\/www.nvssf.com\/forbundet\/wp-json\/wp\/v2\/posts\/5837"}],"collection":[{"href":"https:\/\/www.nvssf.com\/forbundet\/wp-json\/wp\/v2\/posts"}],"about":[{"href":"https:\/\/www.nvssf.com\/forbundet\/wp-json\/wp\/v2\/types\/post"}],"author":[{"embeddable":true,"href":"https:\/\/www.nvssf.com\/forbundet\/wp-json\/wp\/v2\/users\/2"}],"replies":[{"embeddable":true,"href":"https:\/\/www.nvssf.com\/forbundet\/wp-json\/wp\/v2\/comments?post=5837"}],"version-history":[{"count":1,"href":"https:\/\/www.nvssf.com\/forbundet\/wp-json\/wp\/v2\/posts\/5837\/revisions"}],"predecessor-version":[{"id":11380,"href":"https:\/\/www.nvssf.com\/forbundet\/wp-json\/wp\/v2\/posts\/5837\/revisions\/11380"}],"wp:attachment":[{"href":"https:\/\/www.nvssf.com\/forbundet\/wp-json\/wp\/v2\/media?parent=5837"}],"wp:term":[{"taxonomy":"category","embeddable":true,"href":"https:\/\/www.nvssf.com\/forbundet\/wp-json\/wp\/v2\/categories?post=5837"},{"taxonomy":"post_tag","embeddable":true,"href":"https:\/\/www.nvssf.com\/forbundet\/wp-json\/wp\/v2\/tags?post=5837"}],"curies":[{"name":"wp","href":"https:\/\/api.w.org\/{rel}","templated":true}]}}