{"id":598,"date":"2014-08-27T16:19:57","date_gmt":"2014-08-27T14:19:57","guid":{"rendered":"http:\/\/www.nvssf.com\/forbundet\/?p=598"},"modified":"2014-08-27T16:19:57","modified_gmt":"2014-08-27T14:19:57","slug":"frans-g-bengtssons-minnesturnering-2014","status":"publish","type":"post","link":"https:\/\/www.nvssf.com\/forbundet\/frans-g-bengtssons-minnesturnering-2014\/","title":{"rendered":"Frans G Bengtssons minnesturnering"},"content":{"rendered":"<p>Nu p\u00e5 S\u00f6ndag spelas Frans G Bengtssons Minnesturnering i Lund. Turneringen spelas med tidshandikapp. Se <a title=\"Inbjudan Frans G\" href=\"http:\/\/www.lask.se\/admin\/upload2\/FGB-inbjudan_2014.pdf\" target=\"_blank\">inbjudan<\/a> f\u00f6r mer info.<\/p>\n<p>Just nu \u00e4r bara Sejfo Agovic, Helsingborgs ASK anm\u00e4ld ifr\u00e5n Distriktet men fler kommer s\u00e4kert att deltaga.<\/p>\n<p>Har man ett stort schacksug nu efter sommaruppeh\u00e5llet kan man\u00c2\u00a0v\u00e4rma upp med <a title=\"Info MAS m\u00e5nadsblixt\" href=\"https:\/\/www.nvssf.com\/forbundet\/wp-content\/uploads\/2014\/04\/manadsblixten2014.pdf\" target=\"_blank\">Malm\u00f6 AS m\u00e5nadsblixt <\/a>p\u00e5 L\u00f6rdag om man orkar.<\/p>\n","protected":false},"excerpt":{"rendered":"<p>Nu p\u00e5 S\u00f6ndag spelas Frans G Bengtssons Minnesturnering i Lund. Turneringen spelas med tidshandikapp. Se inbjudan f\u00f6r mer info. Just nu \u00e4r bara Sejfo Agovic, Helsingborgs ASK anm\u00e4ld ifr\u00e5n Distriktet men fler kommer s\u00e4kert att deltaga. Har man ett stort &hellip; <a href=\"https:\/\/www.nvssf.com\/forbundet\/frans-g-bengtssons-minnesturnering-2014\/\">Forts\u00e4tt l\u00e4sa <span class=\"meta-nav\">&rarr;<\/span><\/a><\/p>\n","protected":false},"author":2,"featured_media":0,"comment_status":"open","ping_status":"open","sticky":false,"template":"","format":"standard","meta":{"_acf_changed":false,"footnotes":""},"categories":[14],"tags":[],"acf":[],"_links":{"self":[{"href":"https:\/\/www.nvssf.com\/forbundet\/wp-json\/wp\/v2\/posts\/598"}],"collection":[{"href":"https:\/\/www.nvssf.com\/forbundet\/wp-json\/wp\/v2\/posts"}],"about":[{"href":"https:\/\/www.nvssf.com\/forbundet\/wp-json\/wp\/v2\/types\/post"}],"author":[{"embeddable":true,"href":"https:\/\/www.nvssf.com\/forbundet\/wp-json\/wp\/v2\/users\/2"}],"replies":[{"embeddable":true,"href":"https:\/\/www.nvssf.com\/forbundet\/wp-json\/wp\/v2\/comments?post=598"}],"version-history":[{"count":0,"href":"https:\/\/www.nvssf.com\/forbundet\/wp-json\/wp\/v2\/posts\/598\/revisions"}],"wp:attachment":[{"href":"https:\/\/www.nvssf.com\/forbundet\/wp-json\/wp\/v2\/media?parent=598"}],"wp:term":[{"taxonomy":"category","embeddable":true,"href":"https:\/\/www.nvssf.com\/forbundet\/wp-json\/wp\/v2\/categories?post=598"},{"taxonomy":"post_tag","embeddable":true,"href":"https:\/\/www.nvssf.com\/forbundet\/wp-json\/wp\/v2\/tags?post=598"}],"curies":[{"name":"wp","href":"https:\/\/api.w.org\/{rel}","templated":true}]}}