{"id":6039,"date":"2018-04-23T12:34:33","date_gmt":"2018-04-23T10:34:33","guid":{"rendered":"http:\/\/www.nvssf.com\/forbundet\/?p=6039"},"modified":"2022-02-01T09:48:56","modified_gmt":"2022-02-01T08:48:56","slug":"lag-em-for-veteraner-13e-plats-for-engelholms-laget","status":"publish","type":"post","link":"https:\/\/www.nvssf.com\/forbundet\/lag-em-for-veteraner-13e-plats-for-engelholms-laget\/","title":{"rendered":"Lag-EM f\u00f6r veteraner &#8211; 13:e plats f\u00f6r &#8221;Engelholms-laget&#8221;"},"content":{"rendered":"<p><a href=\"https:\/\/www.nvssf.com\/forbundet\/wp-content\/uploads\/2018\/04\/seniorlagEM2018logga.png\"><img loading=\"lazy\" decoding=\"async\" class=\"aligncenter size-medium wp-image-5924\" src=\"https:\/\/www.nvssf.com\/forbundet\/wp-content\/uploads\/2018\/04\/seniorlagEM2018logga-300x79.png\" alt=\"\" width=\"300\" height=\"79\" srcset=\"https:\/\/www.nvssf.com\/forbundet\/wp-content\/uploads\/2018\/04\/seniorlagEM2018logga-300x79.png 300w, https:\/\/www.nvssf.com\/forbundet\/wp-content\/uploads\/2018\/04\/seniorlagEM2018logga-150x40.png 150w, https:\/\/www.nvssf.com\/forbundet\/wp-content\/uploads\/2018\/04\/seniorlagEM2018logga-500x132.png 500w, https:\/\/www.nvssf.com\/forbundet\/wp-content\/uploads\/2018\/04\/seniorlagEM2018logga.png 619w\" sizes=\"(max-width: 300px) 100vw, 300px\" \/><\/a><span class=\"removed_link\" title=\"http:\/\/walbrzych2018.eu\/\">Lag-EM f\u00f6r veteraner<\/span> avslutades ig\u00e5r i polska Walbrzych. Efter att de nio ronderna avverkats s\u00e5 slutade inte helt ov\u00e4ntat <a href=\"http:\/\/chess-results.com\/tnr321538.aspx?lan=6&amp;art=0&amp;rd=9\" target=\"_blank\" rel=\"noopener\">Ryssland i topp<\/a> i +65 klassen. Tre svenska lag deltog i den klassen och det lag,<a href=\"http:\/\/chess-results.com\/tnr321538.aspx?lan=6&amp;art=20&amp;snr=13\" target=\"_blank\" rel=\"noopener\">Sverige 3<\/a>, som till 3\/4 bestod av spelare ifr\u00e5n <strong>Engelholms SK<\/strong> hamnade p\u00e5 13:e plats. <strong>Bo Gustavsson<\/strong> blev b\u00e4ste po\u00e4ngplockare av \u00c4ngelholmarna. Han tog 4\u00bd av 8 (Sverige 3 hade en frirond). \u00d6vriga lagmedlemmar var <strong>Peter Dalling,Kenneth Andersson<\/strong> &amp; <strong>Per-Olof Gromark <\/strong>(\u00d6rgryte SK).<\/p>\n<p>I +50 klassen vann <strong>Italien<\/strong>.<\/p>\n","protected":false},"excerpt":{"rendered":"<p>Lag-EM f\u00f6r veteraner avslutades ig\u00e5r i polska Walbrzych. Efter att de nio ronderna avverkats s\u00e5 slutade inte helt ov\u00e4ntat Ryssland i topp i +65 klassen. Tre svenska lag deltog i den klassen och det lag,Sverige 3, som till 3\/4 bestod &hellip; <a href=\"https:\/\/www.nvssf.com\/forbundet\/lag-em-for-veteraner-13e-plats-for-engelholms-laget\/\">Forts\u00e4tt l\u00e4sa <span class=\"meta-nav\">&rarr;<\/span><\/a><\/p>\n","protected":false},"author":2,"featured_media":0,"comment_status":"open","ping_status":"open","sticky":false,"template":"","format":"standard","meta":{"_acf_changed":false,"footnotes":""},"categories":[15],"tags":[46],"acf":[],"_links":{"self":[{"href":"https:\/\/www.nvssf.com\/forbundet\/wp-json\/wp\/v2\/posts\/6039"}],"collection":[{"href":"https:\/\/www.nvssf.com\/forbundet\/wp-json\/wp\/v2\/posts"}],"about":[{"href":"https:\/\/www.nvssf.com\/forbundet\/wp-json\/wp\/v2\/types\/post"}],"author":[{"embeddable":true,"href":"https:\/\/www.nvssf.com\/forbundet\/wp-json\/wp\/v2\/users\/2"}],"replies":[{"embeddable":true,"href":"https:\/\/www.nvssf.com\/forbundet\/wp-json\/wp\/v2\/comments?post=6039"}],"version-history":[{"count":1,"href":"https:\/\/www.nvssf.com\/forbundet\/wp-json\/wp\/v2\/posts\/6039\/revisions"}],"predecessor-version":[{"id":11078,"href":"https:\/\/www.nvssf.com\/forbundet\/wp-json\/wp\/v2\/posts\/6039\/revisions\/11078"}],"wp:attachment":[{"href":"https:\/\/www.nvssf.com\/forbundet\/wp-json\/wp\/v2\/media?parent=6039"}],"wp:term":[{"taxonomy":"category","embeddable":true,"href":"https:\/\/www.nvssf.com\/forbundet\/wp-json\/wp\/v2\/categories?post=6039"},{"taxonomy":"post_tag","embeddable":true,"href":"https:\/\/www.nvssf.com\/forbundet\/wp-json\/wp\/v2\/tags?post=6039"}],"curies":[{"name":"wp","href":"https:\/\/api.w.org\/{rel}","templated":true}]}}