{"id":6331,"date":"2018-06-09T14:45:59","date_gmt":"2018-06-09T12:45:59","guid":{"rendered":"http:\/\/www.nvssf.com\/forbundet\/?p=6331"},"modified":"2022-02-01T09:48:57","modified_gmt":"2022-02-01T08:48:57","slug":"schack4anmastaren-i-nordvastra-skane","status":"publish","type":"post","link":"https:\/\/www.nvssf.com\/forbundet\/schack4anmastaren-i-nordvastra-skane\/","title":{"rendered":"Schack4anm\u00e4staren i Nordv\u00e4stra Sk\u00e5ne"},"content":{"rendered":"<p>Idag spelades en kvalifikationsturnering till <span class=\"removed_link\" title=\"http:\/\/www.schack.se\/schackfyranmastaren\/\">Riksfinalen f\u00f6r Schack4anm\u00e4staren<\/span> i Nordv\u00e4stra Sk\u00e5ne, t\u00e4vlingen spelades i Helsingborg. Femton mycket taggade fj\u00e4rdeklassare d\u00f6k upp och alla var lika fokuserade p\u00e5 att ta dom d\u00e4r 13 po\u00e4ngen (av 18 m\u00f6jliga) f\u00f6r att ta sig till riksfinalen i Ronneby. Tyv\u00e4rr s\u00e5 kan ju inte alla kvalificera sig, men det betyder inte att man gjort en d\u00e5lig turnering, alla visade prov p\u00e5 k\u00e4mpatakter och en stor spelstyrka. Se bilden nedan f\u00f6r att se de sju som lyckades ta sig vidare.<\/p>\n<div id=\"attachment_6320\" style=\"width: 782px\" class=\"wp-caption aligncenter\"><a href=\"https:\/\/www.nvssf.com\/forbundet\/wp-content\/uploads\/2018\/06\/webbKvalificerade.png\"><img loading=\"lazy\" decoding=\"async\" aria-describedby=\"caption-attachment-6320\" class=\"size-full wp-image-6320\" src=\"https:\/\/www.nvssf.com\/forbundet\/wp-content\/uploads\/2018\/06\/webbKvalificerade.png\" alt=\"Kvalificerade deltagare\" width=\"772\" height=\"515\" srcset=\"https:\/\/www.nvssf.com\/forbundet\/wp-content\/uploads\/2018\/06\/webbKvalificerade.png 772w, https:\/\/www.nvssf.com\/forbundet\/wp-content\/uploads\/2018\/06\/webbKvalificerade-150x100.png 150w, https:\/\/www.nvssf.com\/forbundet\/wp-content\/uploads\/2018\/06\/webbKvalificerade-300x200.png 300w, https:\/\/www.nvssf.com\/forbundet\/wp-content\/uploads\/2018\/06\/webbKvalificerade-768x512.png 768w, https:\/\/www.nvssf.com\/forbundet\/wp-content\/uploads\/2018\/06\/webbKvalificerade-450x300.png 450w\" sizes=\"(max-width: 772px) 100vw, 772px\" \/><\/a><p id=\"caption-attachment-6320\" class=\"wp-caption-text\">Vi kvalificerade oss! Fr\u00e5n v\u00e4nster: Ali Munawwa, Johan Pham, Huy Vu Dang, Alva Nilsson, Charlie Olofsson, Philippe Balmont. Viktor Fahl\u00c3\u00a9n saknas p\u00e5 bilden. Foto: Cai Jussila<\/p><\/div>\n<p>| <a href=\"https:\/\/member.schack.se\/ShowTournamentServlet?id=5858\" target=\"_blank\" rel=\"noopener\">Resultat<\/a> |<\/p>\n","protected":false},"excerpt":{"rendered":"<p>Idag spelades en kvalifikationsturnering till Riksfinalen f\u00f6r Schack4anm\u00e4staren i Nordv\u00e4stra Sk\u00e5ne, t\u00e4vlingen spelades i Helsingborg. Femton mycket taggade fj\u00e4rdeklassare d\u00f6k upp och alla var lika fokuserade p\u00e5 att ta dom d\u00e4r 13 po\u00e4ngen (av 18 m\u00f6jliga) f\u00f6r att ta sig &hellip; <a href=\"https:\/\/www.nvssf.com\/forbundet\/schack4anmastaren-i-nordvastra-skane\/\">Forts\u00e4tt l\u00e4sa <span class=\"meta-nav\">&rarr;<\/span><\/a><\/p>\n","protected":false},"author":2,"featured_media":0,"comment_status":"open","ping_status":"open","sticky":false,"template":"","format":"standard","meta":{"_acf_changed":false,"footnotes":""},"categories":[8,18,9,4,16],"tags":[],"acf":[],"_links":{"self":[{"href":"https:\/\/www.nvssf.com\/forbundet\/wp-json\/wp\/v2\/posts\/6331"}],"collection":[{"href":"https:\/\/www.nvssf.com\/forbundet\/wp-json\/wp\/v2\/posts"}],"about":[{"href":"https:\/\/www.nvssf.com\/forbundet\/wp-json\/wp\/v2\/types\/post"}],"author":[{"embeddable":true,"href":"https:\/\/www.nvssf.com\/forbundet\/wp-json\/wp\/v2\/users\/2"}],"replies":[{"embeddable":true,"href":"https:\/\/www.nvssf.com\/forbundet\/wp-json\/wp\/v2\/comments?post=6331"}],"version-history":[{"count":1,"href":"https:\/\/www.nvssf.com\/forbundet\/wp-json\/wp\/v2\/posts\/6331\/revisions"}],"predecessor-version":[{"id":11087,"href":"https:\/\/www.nvssf.com\/forbundet\/wp-json\/wp\/v2\/posts\/6331\/revisions\/11087"}],"wp:attachment":[{"href":"https:\/\/www.nvssf.com\/forbundet\/wp-json\/wp\/v2\/media?parent=6331"}],"wp:term":[{"taxonomy":"category","embeddable":true,"href":"https:\/\/www.nvssf.com\/forbundet\/wp-json\/wp\/v2\/categories?post=6331"},{"taxonomy":"post_tag","embeddable":true,"href":"https:\/\/www.nvssf.com\/forbundet\/wp-json\/wp\/v2\/tags?post=6331"}],"curies":[{"name":"wp","href":"https:\/\/api.w.org\/{rel}","templated":true}]}}