{"id":6408,"date":"2018-07-18T12:19:22","date_gmt":"2018-07-18T10:19:22","guid":{"rendered":"http:\/\/www.nvssf.com\/forbundet\/?p=6408"},"modified":"2020-09-16T11:56:30","modified_gmt":"2020-09-16T09:56:30","slug":"dovas-schackolympiad-i-manchester","status":"publish","type":"post","link":"https:\/\/www.nvssf.com\/forbundet\/dovas-schackolympiad-i-manchester\/","title":{"rendered":"D\u00f6vas Schackolympiad i Manchester"},"content":{"rendered":"<p>Tv\u00e5 spelare ifr\u00e5n f\u00f6rbundet fanns med i det Svenska landslag som deltog i <span class=\"removed_link\" title=\"https:\/\/iccdmanchester2018.com\/\">D\u00f6vas Schackolympiad<\/span> i Manchester. De tv\u00e5 nordv\u00e4stsk\u00e5ningarna var;\u00c2\u00a0<strong>Martin Anders\u00c3\u00a9n<\/strong>, Landskrona SK och\u00c2\u00a0<strong>Peter Borg<\/strong>, Helsingborg.<\/p>\n<div id=\"attachment_6410\" style=\"width: 300px\" class=\"wp-caption aligncenter\"><a href=\"https:\/\/www.nvssf.com\/forbundet\/wp-content\/uploads\/2018\/07\/PeterBorg_MartinAndersen2018_Manchester.jpg\"><img loading=\"lazy\" decoding=\"async\" aria-describedby=\"caption-attachment-6410\" class=\"size-medium wp-image-6410\" src=\"https:\/\/www.nvssf.com\/forbundet\/wp-content\/uploads\/2018\/07\/PeterBorg_MartinAndersen2018_Manchester-290x300.jpg\" alt=\"\" width=\"290\" height=\"300\" srcset=\"https:\/\/www.nvssf.com\/forbundet\/wp-content\/uploads\/2018\/07\/PeterBorg_MartinAndersen2018_Manchester-290x300.jpg 290w, https:\/\/www.nvssf.com\/forbundet\/wp-content\/uploads\/2018\/07\/PeterBorg_MartinAndersen2018_Manchester-145x150.jpg 145w, https:\/\/www.nvssf.com\/forbundet\/wp-content\/uploads\/2018\/07\/PeterBorg_MartinAndersen2018_Manchester-768x795.jpg 768w, https:\/\/www.nvssf.com\/forbundet\/wp-content\/uploads\/2018\/07\/PeterBorg_MartinAndersen2018_Manchester.jpg 927w\" sizes=\"(max-width: 290px) 100vw, 290px\" \/><\/a><p id=\"caption-attachment-6410\" class=\"wp-caption-text\">Det svenska laget i Manchester. L\u00e4ngst bort p\u00e5 bilden Martin Anders\u00c3\u00a9n (bord 4:a) och p\u00e5 bord 2 Peter Borg. Foto: Martin Anders\u00c3\u00a9n<\/p><\/div>\n<p>Det svenska laget slutade p\u00e5 <a href=\"http:\/\/chess-results.com\/tnr364954.aspx?lan=6\" target=\"_blank\" rel=\"noopener noreferrer\">14:e<\/a> plats bland dom sexton deltagande nationerna.<\/p>\n","protected":false},"excerpt":{"rendered":"<p>Tv\u00e5 spelare ifr\u00e5n f\u00f6rbundet fanns med i det Svenska landslag som deltog i D\u00f6vas Schackolympiad i Manchester. De tv\u00e5 nordv\u00e4stsk\u00e5ningarna var;\u00c2\u00a0Martin Anders\u00c3\u00a9n, Landskrona SK och\u00c2\u00a0Peter Borg, Helsingborg. Det svenska laget slutade p\u00e5 14:e plats bland dom sexton deltagande nationerna.<\/p>\n","protected":false},"author":2,"featured_media":0,"comment_status":"open","ping_status":"open","sticky":false,"template":"","format":"standard","meta":{"_acf_changed":false,"footnotes":""},"categories":[15],"tags":[45],"acf":[],"_links":{"self":[{"href":"https:\/\/www.nvssf.com\/forbundet\/wp-json\/wp\/v2\/posts\/6408"}],"collection":[{"href":"https:\/\/www.nvssf.com\/forbundet\/wp-json\/wp\/v2\/posts"}],"about":[{"href":"https:\/\/www.nvssf.com\/forbundet\/wp-json\/wp\/v2\/types\/post"}],"author":[{"embeddable":true,"href":"https:\/\/www.nvssf.com\/forbundet\/wp-json\/wp\/v2\/users\/2"}],"replies":[{"embeddable":true,"href":"https:\/\/www.nvssf.com\/forbundet\/wp-json\/wp\/v2\/comments?post=6408"}],"version-history":[{"count":1,"href":"https:\/\/www.nvssf.com\/forbundet\/wp-json\/wp\/v2\/posts\/6408\/revisions"}],"predecessor-version":[{"id":9197,"href":"https:\/\/www.nvssf.com\/forbundet\/wp-json\/wp\/v2\/posts\/6408\/revisions\/9197"}],"wp:attachment":[{"href":"https:\/\/www.nvssf.com\/forbundet\/wp-json\/wp\/v2\/media?parent=6408"}],"wp:term":[{"taxonomy":"category","embeddable":true,"href":"https:\/\/www.nvssf.com\/forbundet\/wp-json\/wp\/v2\/categories?post=6408"},{"taxonomy":"post_tag","embeddable":true,"href":"https:\/\/www.nvssf.com\/forbundet\/wp-json\/wp\/v2\/tags?post=6408"}],"curies":[{"name":"wp","href":"https:\/\/api.w.org\/{rel}","templated":true}]}}