{"id":6448,"date":"2018-07-31T09:00:36","date_gmt":"2018-07-31T07:00:36","guid":{"rendered":"http:\/\/www.nvssf.com\/forbundet\/?p=6448"},"modified":"2022-02-01T09:48:57","modified_gmt":"2022-02-01T08:48:57","slug":"sveriges-schackforbunds-kongress","status":"publish","type":"post","link":"https:\/\/www.nvssf.com\/forbundet\/sveriges-schackforbunds-kongress\/","title":{"rendered":"Sveriges Schackf\u00f6rbunds kongress"},"content":{"rendered":"<p><span class=\"removed_link\" title=\"https:\/\/www.nvssf.com\/forbundet\/wp-content\/uploads\/2016\/05\/ssf_small.gif\"><\/span><\/p>\n<p>Under Schack-SM i Ronneby h\u00f6lls kongressen d\u00e4r man v\u00e4ljer ny styrelse. I den nya styrelsen valdes Nordv\u00e4stra Sk\u00e5nes f\u00f6rbundsordf\u00f6rande <strong>Stefan H\u00e5kansson<\/strong> in som styrelseledamot p\u00e5 2 \u00e5r. Hela styrelsen kan du se <span class=\"removed_link\" title=\"http:\/\/www.schack.se\/forbundet\/styrelsen\/\">h\u00e4r.<\/span><\/p>\n<p>Han blev \u00e4ven utsedd till ordf\u00f6rande i <span class=\"removed_link\" title=\"http:\/\/www.schack.se\/forbundet\/klubbschackskommitten\/\">klubbschackskommitt\u00c3\u00a9n<\/span>.<\/p>\n","protected":false},"excerpt":{"rendered":"<p>Under Schack-SM i Ronneby h\u00f6lls kongressen d\u00e4r man v\u00e4ljer ny styrelse. I den nya styrelsen valdes Nordv\u00e4stra Sk\u00e5nes f\u00f6rbundsordf\u00f6rande Stefan H\u00e5kansson in som styrelseledamot p\u00e5 2 \u00e5r. Hela styrelsen kan du se h\u00e4r. Han blev \u00e4ven utsedd till ordf\u00f6rande i &hellip; <a href=\"https:\/\/www.nvssf.com\/forbundet\/sveriges-schackforbunds-kongress\/\">Forts\u00e4tt l\u00e4sa <span class=\"meta-nav\">&rarr;<\/span><\/a><\/p>\n","protected":false},"author":2,"featured_media":0,"comment_status":"open","ping_status":"open","sticky":false,"template":"","format":"standard","meta":{"_acf_changed":false,"footnotes":""},"categories":[13],"tags":[],"acf":[],"_links":{"self":[{"href":"https:\/\/www.nvssf.com\/forbundet\/wp-json\/wp\/v2\/posts\/6448"}],"collection":[{"href":"https:\/\/www.nvssf.com\/forbundet\/wp-json\/wp\/v2\/posts"}],"about":[{"href":"https:\/\/www.nvssf.com\/forbundet\/wp-json\/wp\/v2\/types\/post"}],"author":[{"embeddable":true,"href":"https:\/\/www.nvssf.com\/forbundet\/wp-json\/wp\/v2\/users\/2"}],"replies":[{"embeddable":true,"href":"https:\/\/www.nvssf.com\/forbundet\/wp-json\/wp\/v2\/comments?post=6448"}],"version-history":[{"count":1,"href":"https:\/\/www.nvssf.com\/forbundet\/wp-json\/wp\/v2\/posts\/6448\/revisions"}],"predecessor-version":[{"id":11092,"href":"https:\/\/www.nvssf.com\/forbundet\/wp-json\/wp\/v2\/posts\/6448\/revisions\/11092"}],"wp:attachment":[{"href":"https:\/\/www.nvssf.com\/forbundet\/wp-json\/wp\/v2\/media?parent=6448"}],"wp:term":[{"taxonomy":"category","embeddable":true,"href":"https:\/\/www.nvssf.com\/forbundet\/wp-json\/wp\/v2\/categories?post=6448"},{"taxonomy":"post_tag","embeddable":true,"href":"https:\/\/www.nvssf.com\/forbundet\/wp-json\/wp\/v2\/tags?post=6448"}],"curies":[{"name":"wp","href":"https:\/\/api.w.org\/{rel}","templated":true}]}}