{"id":6551,"date":"2018-08-26T17:53:14","date_gmt":"2018-08-26T15:53:14","guid":{"rendered":"http:\/\/www.nvssf.com\/forbundet\/?p=6551"},"modified":"2018-08-27T18:30:05","modified_gmt":"2018-08-27T16:30:05","slug":"frans-g-minnesturnering-dubbelt-nvssf-i-topp","status":"publish","type":"post","link":"https:\/\/www.nvssf.com\/forbundet\/frans-g-minnesturnering-dubbelt-nvssf-i-topp\/","title":{"rendered":"Frans G minnesturnering &#8211; dubbelt NvSSF i topp"},"content":{"rendered":"<p>Frans G Bengtssons Minnesturnering spelades idag i Lund. T\u00e4vlingen blev storslam f\u00f6r nordv\u00e4stra sk\u00e5ne &#8211; placering 1 och 2 hamnade hos oss! 1:a blev Tomas Rosell och 2:a blev junioren Tomasz\u00c2\u00a0Szczepanowski. B\u00e5da representerar Helsingborgs ASK.<\/p>\n<p>| <a href=\"https:\/\/member.schack.se\/ShowTournamentServlet?id=5291\" target=\"_blank\" rel=\"noopener\">Resultat<\/a> |<\/p>\n","protected":false},"excerpt":{"rendered":"<p>Frans G Bengtssons Minnesturnering spelades idag i Lund. T\u00e4vlingen blev storslam f\u00f6r nordv\u00e4stra sk\u00e5ne &#8211; placering 1 och 2 hamnade hos oss! 1:a blev Tomas Rosell och 2:a blev junioren Tomasz\u00c2\u00a0Szczepanowski. B\u00e5da representerar Helsingborgs ASK. | Resultat |<\/p>\n","protected":false},"author":2,"featured_media":0,"comment_status":"open","ping_status":"open","sticky":false,"template":"","format":"standard","meta":{"_acf_changed":false,"footnotes":""},"categories":[14],"tags":[41],"acf":[],"_links":{"self":[{"href":"https:\/\/www.nvssf.com\/forbundet\/wp-json\/wp\/v2\/posts\/6551"}],"collection":[{"href":"https:\/\/www.nvssf.com\/forbundet\/wp-json\/wp\/v2\/posts"}],"about":[{"href":"https:\/\/www.nvssf.com\/forbundet\/wp-json\/wp\/v2\/types\/post"}],"author":[{"embeddable":true,"href":"https:\/\/www.nvssf.com\/forbundet\/wp-json\/wp\/v2\/users\/2"}],"replies":[{"embeddable":true,"href":"https:\/\/www.nvssf.com\/forbundet\/wp-json\/wp\/v2\/comments?post=6551"}],"version-history":[{"count":1,"href":"https:\/\/www.nvssf.com\/forbundet\/wp-json\/wp\/v2\/posts\/6551\/revisions"}],"predecessor-version":[{"id":6553,"href":"https:\/\/www.nvssf.com\/forbundet\/wp-json\/wp\/v2\/posts\/6551\/revisions\/6553"}],"wp:attachment":[{"href":"https:\/\/www.nvssf.com\/forbundet\/wp-json\/wp\/v2\/media?parent=6551"}],"wp:term":[{"taxonomy":"category","embeddable":true,"href":"https:\/\/www.nvssf.com\/forbundet\/wp-json\/wp\/v2\/categories?post=6551"},{"taxonomy":"post_tag","embeddable":true,"href":"https:\/\/www.nvssf.com\/forbundet\/wp-json\/wp\/v2\/tags?post=6551"}],"curies":[{"name":"wp","href":"https:\/\/api.w.org\/{rel}","templated":true}]}}