{"id":6814,"date":"2018-10-15T16:39:58","date_gmt":"2018-10-15T14:39:58","guid":{"rendered":"http:\/\/www.nvssf.com\/forbundet\/?p=6814"},"modified":"2022-02-01T09:48:57","modified_gmt":"2022-02-01T08:48:57","slug":"efterskord-skol-sm","status":"publish","type":"post","link":"https:\/\/www.nvssf.com\/forbundet\/efterskord-skol-sm\/","title":{"rendered":"Eftersk\u00f6rd Skol-SM"},"content":{"rendered":"<p>Kenneth Wallin (morfar till Sixten) har skickat lite bilder och annat sm\u00e5tt och gott ifr\u00e5n Lidk\u00f6ping. Bilderna kommer lite senare idag h\u00e4r p\u00e5 nyhetssidan. Den Sixten vi talar om \u00e4r Sixten Wallin. Han kom 5:a i grupp H som tidigare har n\u00e4mnts i en <span class=\"removed_link\" title=\"https:\/\/www.nvssf.com\/forbundet\/2018\/10\/skol-sm-2018-tomasz-szczepanowski-mastare\/\">nyhet<\/span> p\u00e5 denna sida.<\/p>\n<p>Vi b\u00f6rjar med ett parti som Sixten Wallin spelade i rond 9 mot Tomas Arnasson. Sixten, som spelade svart, tog snabbt hand om centrum och hade sin motst\u00e5ndare i ett j\u00e4rngrepp som han aldrig sl\u00e4ppte.<\/p>\n\n\n<p class=\"rpbchessboard-spacerBefore\"><\/p>\n\n<div class=\"rpbchessboard-chessgame\">\n    <noscript>\n        <div class=\"rpbchessboard-javascriptWarning\">\n            You must activate JavaScript to enhance chess game visualization.        <\/div>\n    <\/noscript>\n    <div id=\"rpbchessboard-69f31ec89e54b-1\"><\/div>\n    <script type=\"text\/javascript\">\n        (function() {\n            function renderThisPGN() {\n                RPBChessboard.renderPGN(\"rpbchessboard-69f31ec89e54b-1\", {\"pgn\":\"[Event \\\"Skolschack SM 2018\\\"]\\r\\n[Site \\\"LIDK\\u00d6PING\\\"]\\r\\n[Date \\\"2018.10.14\\\"]\\r\\n[Round \\\"9\\\"]\\r\\n[White \\\"Tomas Arnasson\\\"]\\r\\n[Black \\\"Sixten Wallin\\\"]\\r\\n[Result \\\"0-1\\\"]\\r\\n[PlyCount \\\"64\\\"]\\r\\n\\r\\n1.e4 d5 2.Nc3 d4 3.Nd5 e6 4.Nf4 e5 5.Nfe2 Nf6 6.Ng3 Bd6 7.Bc4 O-O 8.Nf3 a6 9.O-O b5 10.Bd5 Nxd5 11.exd5 Bg4 12.Re1 Re8 13.d3 c6 14.dxc6 Nxc6 15.h3 Be6 16.Bg5 f6 17.Bd2 Bd5 18.b3 Rc8 19.c4 Be6 20.Rc1 Nb4 21.Ne4 Nxd3 22.Qc2 Nxc1 23.Bxc1 Bb4 24.Re2 d3 25.Qd1 dxe2 26.Qxe2 bxc4 27.a3 cxb3 28.axb4 Rxc1+ 29.Ne1 Qd1 30.Qxd1 Rxd1 31.Kf1 Bc4+ 32.Kg1 Rxe1+ 0-1\",\"pieceSymbols\":\"figurines\",\"navigationBoard\":\"scrollLeft\",\"withPlayButton\":true,\"withFlipButton\":true,\"withDownloadButton\":true,\"nboSquareSize\":36,\"nboCoordinateVisible\":true,\"nboTurnVisible\":true,\"nboColorset\":\"hansen-blue\",\"nboPieceset\":\"uscf\",\"nboAnimated\":true,\"nboMoveArrowVisible\":true,\"nboMoveArrowColor\":\"b\",\"idoSquareSize\":26,\"idoCoordinateVisible\":true,\"idoTurnVisible\":true,\"idoColorset\":\"hansen-blue\",\"idoPieceset\":\"uscf\"});\n            }\n            if (document.readyState === 'loading') {\n                document.addEventListener('DOMContentLoaded', renderThisPGN);\n            }\n            else {\n                renderThisPGN();\n            }\n        })();\n    <\/script>\n<\/div>\n\n<p class=\"rpbchessboard-spacerAfter\"><\/p>\n\n<p>Sixten intervjuas i SVT Lokala Nyheter V\u00e4sts reportage ifr\u00e5n t\u00e4vlingen:\u00c2\u00a0https:\/\/www.svtplay.se\/video\/19658678\/lokala-nyheter-vast\/svt-nyheter-vast-14-okt-19-55-1?position=90&amp;start=auto<\/p>\n","protected":false},"excerpt":{"rendered":"<p>Kenneth Wallin (morfar till Sixten) har skickat lite bilder och annat sm\u00e5tt och gott ifr\u00e5n Lidk\u00f6ping. Bilderna kommer lite senare idag h\u00e4r p\u00e5 nyhetssidan. Den Sixten vi talar om \u00e4r Sixten Wallin. Han kom 5:a i grupp H som tidigare &hellip; <a href=\"https:\/\/www.nvssf.com\/forbundet\/efterskord-skol-sm\/\">Forts\u00e4tt l\u00e4sa <span class=\"meta-nav\">&rarr;<\/span><\/a><\/p>\n","protected":false},"author":2,"featured_media":0,"comment_status":"open","ping_status":"open","sticky":false,"template":"","format":"standard","meta":{"_acf_changed":false,"footnotes":""},"categories":[9,14],"tags":[48],"acf":[],"_links":{"self":[{"href":"https:\/\/www.nvssf.com\/forbundet\/wp-json\/wp\/v2\/posts\/6814"}],"collection":[{"href":"https:\/\/www.nvssf.com\/forbundet\/wp-json\/wp\/v2\/posts"}],"about":[{"href":"https:\/\/www.nvssf.com\/forbundet\/wp-json\/wp\/v2\/types\/post"}],"author":[{"embeddable":true,"href":"https:\/\/www.nvssf.com\/forbundet\/wp-json\/wp\/v2\/users\/2"}],"replies":[{"embeddable":true,"href":"https:\/\/www.nvssf.com\/forbundet\/wp-json\/wp\/v2\/comments?post=6814"}],"version-history":[{"count":1,"href":"https:\/\/www.nvssf.com\/forbundet\/wp-json\/wp\/v2\/posts\/6814\/revisions"}],"predecessor-version":[{"id":11099,"href":"https:\/\/www.nvssf.com\/forbundet\/wp-json\/wp\/v2\/posts\/6814\/revisions\/11099"}],"wp:attachment":[{"href":"https:\/\/www.nvssf.com\/forbundet\/wp-json\/wp\/v2\/media?parent=6814"}],"wp:term":[{"taxonomy":"category","embeddable":true,"href":"https:\/\/www.nvssf.com\/forbundet\/wp-json\/wp\/v2\/categories?post=6814"},{"taxonomy":"post_tag","embeddable":true,"href":"https:\/\/www.nvssf.com\/forbundet\/wp-json\/wp\/v2\/tags?post=6814"}],"curies":[{"name":"wp","href":"https:\/\/api.w.org\/{rel}","templated":true}]}}