{"id":6866,"date":"2018-11-09T12:13:56","date_gmt":"2018-11-09T11:13:56","guid":{"rendered":"http:\/\/www.nvssf.com\/forbundet\/?p=6866"},"modified":"2018-11-09T17:54:45","modified_gmt":"2018-11-09T16:54:45","slug":"skanes-schackforbund-bjuder-in-till-schackledarkurs-i-lund-14-november","status":"publish","type":"post","link":"https:\/\/www.nvssf.com\/forbundet\/skanes-schackforbund-bjuder-in-till-schackledarkurs-i-lund-14-november\/","title":{"rendered":"Sk\u00e5nes Schackf\u00f6rbund bjuder in till Schackledarkurs i Lund 14 november"},"content":{"rendered":"<p><a href=\"https:\/\/www.nvssf.com\/forbundet\/wp-content\/uploads\/2016\/09\/mahatma_ledare.png\"><img loading=\"lazy\" decoding=\"async\" class=\"aligncenter size-medium wp-image-3323\" src=\"https:\/\/www.nvssf.com\/forbundet\/wp-content\/uploads\/2016\/09\/mahatma_ledare-300x207.png\" alt=\"\" width=\"300\" height=\"207\" srcset=\"https:\/\/www.nvssf.com\/forbundet\/wp-content\/uploads\/2016\/09\/mahatma_ledare-300x207.png 300w, https:\/\/www.nvssf.com\/forbundet\/wp-content\/uploads\/2016\/09\/mahatma_ledare.png 333w\" sizes=\"(max-width: 300px) 100vw, 300px\" \/><\/a><\/p>\n<p><a href=\"http:\/\/skaneschack.se\/\" target=\"_blank\" rel=\"noopener\">Sk\u00e5nes Schackf\u00f6rbund<\/a> bjuder h\u00e4rmed in till schackledarkurs. Kursen \u00e4r givande<br \/>\nb\u00e5de f\u00f6r mindre erfarna tr\u00e4nare, och mer rutinerade.<\/p>\n<p><strong>Ur inneh\u00e5llet:<\/strong><\/p>\n<ul>\n<li>Uppl\u00e4gg av schacktr\u00e4ning f\u00f6r juniorgrupp<\/li>\n<li>Moderna undervisningsmetoder f\u00f6r schack<\/li>\n<li>Presentation av Sveriges Schackf\u00f6rbunds gamla och nya instruktionsmaterial<\/li>\n<li>Roliga praktiska \u00f6vningar<\/li>\n<\/ul>\n<p><strong>N\u00e4r?<\/strong><br \/>\nOnsdagen den 14 november mellan kl.18.30-21.30. LASK bjuder p\u00e5 fika i halvtid.<\/p>\n<p><strong>Kursplats:<\/strong><br \/>\nSchackhuset, Trollebergsv\u00e4gen 105, Lund<\/p>\n<p><strong>Kursledare:<\/strong><br \/>\nJesper Hall, riksinstrukt\u00f6r i Sveriges Schackf\u00f6rbund.<\/p>\n<p><strong>Kursavgift:<\/strong><br \/>\nKursen \u00e4r gratis.<\/p>\n<p><strong>Anm\u00e4lan:<\/strong><br \/>\nMejla anm\u00e4lan till schackskolan@lask.se<\/p>\n","protected":false},"excerpt":{"rendered":"<p>Sk\u00e5nes Schackf\u00f6rbund bjuder h\u00e4rmed in till schackledarkurs. Kursen \u00e4r givande b\u00e5de f\u00f6r mindre erfarna tr\u00e4nare, och mer rutinerade. Ur inneh\u00e5llet: Uppl\u00e4gg av schacktr\u00e4ning f\u00f6r juniorgrupp Moderna undervisningsmetoder f\u00f6r schack Presentation av Sveriges Schackf\u00f6rbunds gamla och nya instruktionsmaterial Roliga praktiska \u00f6vningar &hellip; <a href=\"https:\/\/www.nvssf.com\/forbundet\/skanes-schackforbund-bjuder-in-till-schackledarkurs-i-lund-14-november\/\">Forts\u00e4tt l\u00e4sa <span class=\"meta-nav\">&rarr;<\/span><\/a><\/p>\n","protected":false},"author":2,"featured_media":0,"comment_status":"open","ping_status":"open","sticky":false,"template":"","format":"standard","meta":{"_acf_changed":false,"footnotes":""},"categories":[7,70],"tags":[],"acf":[],"_links":{"self":[{"href":"https:\/\/www.nvssf.com\/forbundet\/wp-json\/wp\/v2\/posts\/6866"}],"collection":[{"href":"https:\/\/www.nvssf.com\/forbundet\/wp-json\/wp\/v2\/posts"}],"about":[{"href":"https:\/\/www.nvssf.com\/forbundet\/wp-json\/wp\/v2\/types\/post"}],"author":[{"embeddable":true,"href":"https:\/\/www.nvssf.com\/forbundet\/wp-json\/wp\/v2\/users\/2"}],"replies":[{"embeddable":true,"href":"https:\/\/www.nvssf.com\/forbundet\/wp-json\/wp\/v2\/comments?post=6866"}],"version-history":[{"count":1,"href":"https:\/\/www.nvssf.com\/forbundet\/wp-json\/wp\/v2\/posts\/6866\/revisions"}],"predecessor-version":[{"id":6867,"href":"https:\/\/www.nvssf.com\/forbundet\/wp-json\/wp\/v2\/posts\/6866\/revisions\/6867"}],"wp:attachment":[{"href":"https:\/\/www.nvssf.com\/forbundet\/wp-json\/wp\/v2\/media?parent=6866"}],"wp:term":[{"taxonomy":"category","embeddable":true,"href":"https:\/\/www.nvssf.com\/forbundet\/wp-json\/wp\/v2\/categories?post=6866"},{"taxonomy":"post_tag","embeddable":true,"href":"https:\/\/www.nvssf.com\/forbundet\/wp-json\/wp\/v2\/tags?post=6866"}],"curies":[{"name":"wp","href":"https:\/\/api.w.org\/{rel}","templated":true}]}}