{"id":6966,"date":"2018-12-12T14:42:29","date_gmt":"2018-12-12T13:42:29","guid":{"rendered":"http:\/\/www.nvssf.com\/forbundet\/?p=6966"},"modified":"2020-02-26T14:55:01","modified_gmt":"2020-02-26T13:55:01","slug":"malmo-open-2018-startar-pa-fredag","status":"publish","type":"post","link":"https:\/\/www.nvssf.com\/forbundet\/malmo-open-2018-startar-pa-fredag\/","title":{"rendered":"Malm\u00f6 Open 2018 startar p\u00e5 fredag"},"content":{"rendered":"<p><a href=\"http:\/\/www.malmoschack.se\/\"><img loading=\"lazy\" decoding=\"async\" class=\"aligncenter size-medium wp-image-1120\" src=\"https:\/\/www.nvssf.com\/forbundet\/wp-content\/uploads\/2014\/12\/msflogo-300x300.gif\" alt=\"MSF logga\" width=\"300\" height=\"300\" srcset=\"https:\/\/www.nvssf.com\/forbundet\/wp-content\/uploads\/2014\/12\/msflogo-300x300.gif 300w, https:\/\/www.nvssf.com\/forbundet\/wp-content\/uploads\/2014\/12\/msflogo-150x150.gif 150w, https:\/\/www.nvssf.com\/forbundet\/wp-content\/uploads\/2014\/12\/msflogo-1024x1024.gif 1024w\" sizes=\"(max-width: 300px) 100vw, 300px\" \/><\/a><a href=\"http:\/\/www.malmoschack.se\/malmoopen\/\" target=\"_blank\" rel=\"noopener noreferrer\">Malm\u00f6 Open<\/a> spelas den kommande helgen (14 &#8211; 16 december) i R\u00e5dhushallen i Malm\u00f6. Den geografiska n\u00e4rheten till nordv\u00e4stra sk\u00e5ne lockar varje \u00e5r ett stort antal nordv\u00e4stsk\u00e5ningar. I \u00e5r och i skrivande stund \u00e4r fjorton nordv\u00e4stsk\u00e5ningar f\u00f6rhandsanm\u00e4lda. Tolv av dom deltar i huvudt\u00e4vlingen Malm\u00f6 Open. Bland de tolv \u00e4r <strong>FM <\/strong>K\u00e5re Kristensen, Helsingborgs ASK h\u00f6gst rankad.<\/p>\n<p>I MSF Open, &#8221;Lilla Malm\u00f6 Open&#8221;, f\u00f6r spelare med ett elotal p\u00e5 1599 eller l\u00e4gre spelar Markus Mena. Markus representerar Helsingborgs ASK.<\/p>\n<h3>l\u00e4nkar<\/h3>\n<p><a href=\"https:\/\/member.schack.se\/ShowTournamentServlet?id=5873\" target=\"_blank\" rel=\"noopener noreferrer\">Lottning &amp; resultat<\/a><\/p>\n<p><a href=\"http:\/\/www.malmoschack.se\/malmoopen\/wp-content\/uploads\/2018\/09\/mopen2018inbj.pdf\" target=\"_blank\" rel=\"noopener noreferrer\">Info (inbjudan)<\/a><\/p>\n<p><strong>Lives\u00e4ndning av partier:<\/strong><br \/>\n<a href=\"https:\/\/live.schack.se\/malmoopen\/\" target=\"_blank\" rel=\"noopener noreferrer\">Malm\u00f6 Open<\/a><br \/>\nMSF Open<\/p>\n","protected":false},"excerpt":{"rendered":"<p>Malm\u00f6 Open spelas den kommande helgen (14 &#8211; 16 december) i R\u00e5dhushallen i Malm\u00f6. Den geografiska n\u00e4rheten till nordv\u00e4stra sk\u00e5ne lockar varje \u00e5r ett stort antal nordv\u00e4stsk\u00e5ningar. I \u00e5r och i skrivande stund \u00e4r fjorton nordv\u00e4stsk\u00e5ningar f\u00f6rhandsanm\u00e4lda. Tolv av dom &hellip; <a href=\"https:\/\/www.nvssf.com\/forbundet\/malmo-open-2018-startar-pa-fredag\/\">Forts\u00e4tt l\u00e4sa <span class=\"meta-nav\">&rarr;<\/span><\/a><\/p>\n","protected":false},"author":2,"featured_media":0,"comment_status":"open","ping_status":"open","sticky":false,"template":"","format":"standard","meta":{"_acf_changed":false,"footnotes":""},"categories":[14],"tags":[],"acf":[],"_links":{"self":[{"href":"https:\/\/www.nvssf.com\/forbundet\/wp-json\/wp\/v2\/posts\/6966"}],"collection":[{"href":"https:\/\/www.nvssf.com\/forbundet\/wp-json\/wp\/v2\/posts"}],"about":[{"href":"https:\/\/www.nvssf.com\/forbundet\/wp-json\/wp\/v2\/types\/post"}],"author":[{"embeddable":true,"href":"https:\/\/www.nvssf.com\/forbundet\/wp-json\/wp\/v2\/users\/2"}],"replies":[{"embeddable":true,"href":"https:\/\/www.nvssf.com\/forbundet\/wp-json\/wp\/v2\/comments?post=6966"}],"version-history":[{"count":1,"href":"https:\/\/www.nvssf.com\/forbundet\/wp-json\/wp\/v2\/posts\/6966\/revisions"}],"predecessor-version":[{"id":8575,"href":"https:\/\/www.nvssf.com\/forbundet\/wp-json\/wp\/v2\/posts\/6966\/revisions\/8575"}],"wp:attachment":[{"href":"https:\/\/www.nvssf.com\/forbundet\/wp-json\/wp\/v2\/media?parent=6966"}],"wp:term":[{"taxonomy":"category","embeddable":true,"href":"https:\/\/www.nvssf.com\/forbundet\/wp-json\/wp\/v2\/categories?post=6966"},{"taxonomy":"post_tag","embeddable":true,"href":"https:\/\/www.nvssf.com\/forbundet\/wp-json\/wp\/v2\/tags?post=6966"}],"curies":[{"name":"wp","href":"https:\/\/api.w.org\/{rel}","templated":true}]}}