{"id":6984,"date":"2018-12-23T11:19:18","date_gmt":"2018-12-23T10:19:18","guid":{"rendered":"http:\/\/www.nvssf.com\/forbundet\/?p=6984"},"modified":"2020-02-26T14:47:17","modified_gmt":"2020-02-26T13:47:17","slug":"skrombergas-mellandagsturnering-stormastare-i-startfaltet","status":"publish","type":"post","link":"https:\/\/www.nvssf.com\/forbundet\/skrombergas-mellandagsturnering-stormastare-i-startfaltet\/","title":{"rendered":"Skrombergas Mellandagsturnering &#8211; Storm\u00e4stare i startf\u00e4ltet"},"content":{"rendered":"<p>Storm\u00e4staren Stellan Brynell har anm\u00e4lt sig till Skrombergas Mellandagsturnering som spelas den 29 december i Ekeby. I denna t\u00e4vling med stenh\u00e5rda tidshandikapp s\u00e5 \u00e4r det inte alls s\u00e4kert att han kommer att vinna \u00e4ven om han kommer att vara h\u00f6gst rankad med bred marginal. Hur man anm\u00e4ler sig till t\u00e4vlingen och all \u00f6vrig info hittar du i inbjudan.<\/p>\n<p>Vilka som \u00e4r f\u00f6rhandsanm\u00e4lda hittar du p\u00e5 f\u00f6ljande sida: <a href=\"https:\/\/member.schack.se\/ShowTournamentServlet?id=6823\" target=\"_blank\" rel=\"noopener noreferrer\">https:\/\/member.schack.se\/ShowTournamentServlet?id=6823<\/a><\/p>\n<p>&nbsp;<\/p>\n","protected":false},"excerpt":{"rendered":"<p>Storm\u00e4staren Stellan Brynell har anm\u00e4lt sig till Skrombergas Mellandagsturnering som spelas den 29 december i Ekeby. I denna t\u00e4vling med stenh\u00e5rda tidshandikapp s\u00e5 \u00e4r det inte alls s\u00e4kert att han kommer att vinna \u00e4ven om han kommer att vara h\u00f6gst &hellip; <a href=\"https:\/\/www.nvssf.com\/forbundet\/skrombergas-mellandagsturnering-stormastare-i-startfaltet\/\">Forts\u00e4tt l\u00e4sa <span class=\"meta-nav\">&rarr;<\/span><\/a><\/p>\n","protected":false},"author":2,"featured_media":0,"comment_status":"open","ping_status":"open","sticky":false,"template":"","format":"standard","meta":{"_acf_changed":false,"footnotes":""},"categories":[14,16],"tags":[],"acf":[],"_links":{"self":[{"href":"https:\/\/www.nvssf.com\/forbundet\/wp-json\/wp\/v2\/posts\/6984"}],"collection":[{"href":"https:\/\/www.nvssf.com\/forbundet\/wp-json\/wp\/v2\/posts"}],"about":[{"href":"https:\/\/www.nvssf.com\/forbundet\/wp-json\/wp\/v2\/types\/post"}],"author":[{"embeddable":true,"href":"https:\/\/www.nvssf.com\/forbundet\/wp-json\/wp\/v2\/users\/2"}],"replies":[{"embeddable":true,"href":"https:\/\/www.nvssf.com\/forbundet\/wp-json\/wp\/v2\/comments?post=6984"}],"version-history":[{"count":1,"href":"https:\/\/www.nvssf.com\/forbundet\/wp-json\/wp\/v2\/posts\/6984\/revisions"}],"predecessor-version":[{"id":8573,"href":"https:\/\/www.nvssf.com\/forbundet\/wp-json\/wp\/v2\/posts\/6984\/revisions\/8573"}],"wp:attachment":[{"href":"https:\/\/www.nvssf.com\/forbundet\/wp-json\/wp\/v2\/media?parent=6984"}],"wp:term":[{"taxonomy":"category","embeddable":true,"href":"https:\/\/www.nvssf.com\/forbundet\/wp-json\/wp\/v2\/categories?post=6984"},{"taxonomy":"post_tag","embeddable":true,"href":"https:\/\/www.nvssf.com\/forbundet\/wp-json\/wp\/v2\/tags?post=6984"}],"curies":[{"name":"wp","href":"https:\/\/api.w.org\/{rel}","templated":true}]}}