{"id":7001,"date":"2019-01-06T11:52:33","date_gmt":"2019-01-06T10:52:33","guid":{"rendered":"http:\/\/www.nvssf.com\/forbundet\/?p=7001"},"modified":"2022-03-28T09:53:04","modified_gmt":"2022-03-28T07:53:04","slug":"ass-mot-100-har-startat","status":"publish","type":"post","link":"https:\/\/www.nvssf.com\/forbundet\/ass-mot-100-har-startat\/","title":{"rendered":"\u00c5SS mot 100 har startat"},"content":{"rendered":"<p><span class=\"removed_link\" title=\"https:\/\/www.nvssf.com\/forbundet\/2018\/12\/ass-mot-100-2018-2019\/\">\u00c5SS mot 100<\/span> har kommit ig\u00e5ng. P\u00e5 trettondagsafton spelades tre partier; tv\u00e5 i grupp 2 och ett i grupp 1.<\/p>\n<p>Partiet i i grupp 1 var det emellan klubbkamraterna i Helsingborgs ASK, Stefan H\u00e5kansson och Patrik Nilsson. Det slutade remi.<\/p>\n<div id=\"attachment_7000\" style=\"width: 594px\" class=\"wp-caption aligncenter\"><img loading=\"lazy\" decoding=\"async\" aria-describedby=\"caption-attachment-7000\" class=\"size-large wp-image-7000\" src=\"https:\/\/www.nvssf.com\/forbundet\/wp-content\/uploads\/2019\/01\/webbIMG_20190105_144059-1024x768.jpg\" alt=\"Stefan och Patrik 2019\" width=\"584\" height=\"438\" srcset=\"https:\/\/www.nvssf.com\/forbundet\/wp-content\/uploads\/2019\/01\/webbIMG_20190105_144059-1024x768.jpg 1024w, https:\/\/www.nvssf.com\/forbundet\/wp-content\/uploads\/2019\/01\/webbIMG_20190105_144059-150x113.jpg 150w, https:\/\/www.nvssf.com\/forbundet\/wp-content\/uploads\/2019\/01\/webbIMG_20190105_144059-300x225.jpg 300w, https:\/\/www.nvssf.com\/forbundet\/wp-content\/uploads\/2019\/01\/webbIMG_20190105_144059-768x576.jpg 768w, https:\/\/www.nvssf.com\/forbundet\/wp-content\/uploads\/2019\/01\/webbIMG_20190105_144059-400x300.jpg 400w, https:\/\/www.nvssf.com\/forbundet\/wp-content\/uploads\/2019\/01\/webbIMG_20190105_144059.jpg 1032w\" sizes=\"(max-width: 584px) 100vw, 584px\" \/><p id=\"caption-attachment-7000\" class=\"wp-caption-text\">Stefan H\u00e5kansson &#8211; Patrik Nilsson under slutfasen av deras parti p\u00e5 trettondagsafton. Foto: Anders Hansen<\/p><\/div>\n<p>I grupp 2 spelades Daniel Mena,Helsingborgs ASK &#8211; Ted Sandbech (remi) och Robert Dahl,Klippans SK &#8211; Leif Bohman,Klippans SK d\u00e4r Leif drog sig segrande ur striden.<\/p>\n<div id=\"attachment_6999\" style=\"width: 594px\" class=\"wp-caption aligncenter\"><img loading=\"lazy\" decoding=\"async\" aria-describedby=\"caption-attachment-6999\" class=\"size-large wp-image-6999\" src=\"https:\/\/www.nvssf.com\/forbundet\/wp-content\/uploads\/2019\/01\/webbIMG_20190105_134442-1024x768.jpg\" alt=\"Robert och Leif\" width=\"584\" height=\"438\" srcset=\"https:\/\/www.nvssf.com\/forbundet\/wp-content\/uploads\/2019\/01\/webbIMG_20190105_134442-1024x768.jpg 1024w, https:\/\/www.nvssf.com\/forbundet\/wp-content\/uploads\/2019\/01\/webbIMG_20190105_134442-150x113.jpg 150w, https:\/\/www.nvssf.com\/forbundet\/wp-content\/uploads\/2019\/01\/webbIMG_20190105_134442-300x225.jpg 300w, https:\/\/www.nvssf.com\/forbundet\/wp-content\/uploads\/2019\/01\/webbIMG_20190105_134442-768x576.jpg 768w, https:\/\/www.nvssf.com\/forbundet\/wp-content\/uploads\/2019\/01\/webbIMG_20190105_134442-400x300.jpg 400w, https:\/\/www.nvssf.com\/forbundet\/wp-content\/uploads\/2019\/01\/webbIMG_20190105_134442.jpg 1032w\" sizes=\"(max-width: 584px) 100vw, 584px\" \/><p id=\"caption-attachment-6999\" class=\"wp-caption-text\">Robert Dahl,Klippans SK (till h\u00f6ger i bild) vit mot sin klubbkamrat Leif Bohman i \u00c5SS mot 100 2019. Foto: Anders Hansen<\/p><\/div>\n<div id=\"attachment_6998\" style=\"width: 594px\" class=\"wp-caption aligncenter\"><img loading=\"lazy\" decoding=\"async\" aria-describedby=\"caption-attachment-6998\" class=\"size-large wp-image-6998\" src=\"https:\/\/www.nvssf.com\/forbundet\/wp-content\/uploads\/2019\/01\/webbIMG_20190105_110613-1024x768.jpg\" alt=\"Daniel och Ted.\" width=\"584\" height=\"438\" srcset=\"https:\/\/www.nvssf.com\/forbundet\/wp-content\/uploads\/2019\/01\/webbIMG_20190105_110613-1024x768.jpg 1024w, https:\/\/www.nvssf.com\/forbundet\/wp-content\/uploads\/2019\/01\/webbIMG_20190105_110613-150x113.jpg 150w, https:\/\/www.nvssf.com\/forbundet\/wp-content\/uploads\/2019\/01\/webbIMG_20190105_110613-300x225.jpg 300w, https:\/\/www.nvssf.com\/forbundet\/wp-content\/uploads\/2019\/01\/webbIMG_20190105_110613-768x576.jpg 768w, https:\/\/www.nvssf.com\/forbundet\/wp-content\/uploads\/2019\/01\/webbIMG_20190105_110613-400x300.jpg 400w, https:\/\/www.nvssf.com\/forbundet\/wp-content\/uploads\/2019\/01\/webbIMG_20190105_110613.jpg 1032w\" sizes=\"(max-width: 584px) 100vw, 584px\" \/><p id=\"caption-attachment-6998\" class=\"wp-caption-text\">Daniel Mena vit mot Ted Sandbech. Foto: Anders Hansen<\/p><\/div>\n<p>Tidigare i veckan har dessutom f\u00f6ljande partier spelats:<\/p>\n<h3>Grupp 1<\/h3>\n<ul>\n<li>Tomas Rosell,Helsingborgs ASK 1 &#8211; 0 Staffan Thomasson,Helsingborgs ASK<\/li>\n<li>Stefan Andersson,\u00c5storps SS 1 &#8211; 0 Jan Bengtsson,\u00c5storps SS<\/li>\n<li>Stefan Andersson,\u00c5storps SS 1 &#8211; 0 Staffan Thomasson, Helsingborgs ASK<\/li>\n<\/ul>\n<h3>Grupp 2<\/h3>\n<ul>\n<li>Ivan Kolobaric,Klippans SK 0 &#8211; 1 Bo Aspelin,??<\/li>\n<\/ul>\n<p>Det finns \u00e4ven en grupp 3 men ang\u00e5ende den \u00f6verl\u00e5ter jag till l\u00e4saren sj\u00e4lv att se p\u00e5 <span class=\"removed_link\" title=\"http:\/\/www.nvssf.com\/ass\/\">\u00c5storps hemsida<\/span> hur det g\u00e5r. Undertecknad har problem nog med att f\u00f6lja med i sv\u00e4ngarna i Grupp 1 &amp; 2. Som vanligt \u00e4r det totalt kaos n\u00e4r \u00c5storp organiserar n\u00e5t.<\/p>\n","protected":false},"excerpt":{"rendered":"<p>\u00c5SS mot 100 har kommit ig\u00e5ng. P\u00e5 trettondagsafton spelades tre partier; tv\u00e5 i grupp 2 och ett i grupp 1. Partiet i i grupp 1 var det emellan klubbkamraterna i Helsingborgs ASK, Stefan H\u00e5kansson och Patrik Nilsson. Det slutade remi. &hellip; <a href=\"https:\/\/www.nvssf.com\/forbundet\/ass-mot-100-har-startat\/\">Forts\u00e4tt l\u00e4sa <span class=\"meta-nav\">&rarr;<\/span><\/a><\/p>\n","protected":false},"author":2,"featured_media":0,"comment_status":"open","ping_status":"open","sticky":false,"template":"","format":"standard","meta":{"_acf_changed":false,"footnotes":""},"categories":[8,17,14,16],"tags":[43,41,47],"acf":[],"_links":{"self":[{"href":"https:\/\/www.nvssf.com\/forbundet\/wp-json\/wp\/v2\/posts\/7001"}],"collection":[{"href":"https:\/\/www.nvssf.com\/forbundet\/wp-json\/wp\/v2\/posts"}],"about":[{"href":"https:\/\/www.nvssf.com\/forbundet\/wp-json\/wp\/v2\/types\/post"}],"author":[{"embeddable":true,"href":"https:\/\/www.nvssf.com\/forbundet\/wp-json\/wp\/v2\/users\/2"}],"replies":[{"embeddable":true,"href":"https:\/\/www.nvssf.com\/forbundet\/wp-json\/wp\/v2\/comments?post=7001"}],"version-history":[{"count":1,"href":"https:\/\/www.nvssf.com\/forbundet\/wp-json\/wp\/v2\/posts\/7001\/revisions"}],"predecessor-version":[{"id":11348,"href":"https:\/\/www.nvssf.com\/forbundet\/wp-json\/wp\/v2\/posts\/7001\/revisions\/11348"}],"wp:attachment":[{"href":"https:\/\/www.nvssf.com\/forbundet\/wp-json\/wp\/v2\/media?parent=7001"}],"wp:term":[{"taxonomy":"category","embeddable":true,"href":"https:\/\/www.nvssf.com\/forbundet\/wp-json\/wp\/v2\/categories?post=7001"},{"taxonomy":"post_tag","embeddable":true,"href":"https:\/\/www.nvssf.com\/forbundet\/wp-json\/wp\/v2\/tags?post=7001"}],"curies":[{"name":"wp","href":"https:\/\/api.w.org\/{rel}","templated":true}]}}