{"id":7104,"date":"2019-02-12T12:34:45","date_gmt":"2019-02-12T11:34:45","guid":{"rendered":"http:\/\/www.nvssf.com\/forbundet\/?p=7104"},"modified":"2019-02-21T11:32:29","modified_gmt":"2019-02-21T10:32:29","slug":"kallelse-till-nvssf-arsmote-2019","status":"publish","type":"post","link":"https:\/\/www.nvssf.com\/forbundet\/kallelse-till-nvssf-arsmote-2019\/","title":{"rendered":"Kallelse till NvSSF \u00e5rsm\u00f6te 2019"},"content":{"rendered":"<p><a href=\"https:\/\/www.nvssf.com\/forbundet\/wp-content\/uploads\/2014\/03\/NVSSFlogo.jpg\"><img loading=\"lazy\" decoding=\"async\" class=\"aligncenter size-full wp-image-6\" src=\"https:\/\/www.nvssf.com\/forbundet\/wp-content\/uploads\/2014\/03\/NVSSFlogo.jpg\" alt=\"\" width=\"82\" height=\"82\" \/><\/a><\/p>\n<p>Nordv\u00e4stra Sk\u00e5nes Schackf\u00f6rbunds bjuder in medlemsklubbarna till \u00e5rsm\u00f6te.<!--more--> \u00c5rsm\u00f6tet h\u00e5lls l\u00f6rdagen den 16 mars klockan 14:00 p\u00e5 Helsingborgs schackallians lokal, Tr\u00e4dg\u00e5rdsgatan 11 i Helsingborg.<\/p>\n<p>Om ni vill vara representerade p\u00e5 \u00e5rsm\u00f6tetska detta f\u00f6ranm\u00e4las.<\/p>\n<p>En skolschackklubb ska representeras av skolans rektor eller en anst\u00e4lld fr\u00e5n skolan,<br \/>\nskolschackklubbens representant ska ha med sig en fullmakt fr\u00e5n skolans rektor.<\/p>\n<p>En schackklubb ska representeras av ordf\u00f6rande eller en medlem med en fullmakt fr\u00e5n<br \/>\nklubbens ordf\u00f6rande.<br \/>\nR\u00f6stl\u00e4ngden baseras p\u00e5 schackklubbens medlemsantal den 11 februari 2019 i Sveriges<br \/>\nschackf\u00f6rbunds register f\u00f6r \u00e5ret 2018.<br \/>\nMotioner och f\u00f6ranm\u00e4lan skickas till <strong>eric.nordin.hbg@hotmail.com<\/strong> senast den 9 mars.<br \/>\nDagordning<br \/>\n\u00c2\u00a71. M\u00f6tets \u00f6ppnande<br \/>\n\u00c2\u00a72. Val av m\u00f6tesordf\u00f6rande<br \/>\n\u00c2\u00a73. Val av m\u00f6tessekreterare<br \/>\n\u00c2\u00a74. Val av tv\u00e5 justeringsm\u00e4n att justera \u00e5rsm\u00f6tets protokoll<br \/>\n\u00c2\u00a75. Upprop och fastst\u00e4llande av r\u00f6stl\u00e4ngden<br \/>\n\u00c2\u00a76. Dagordningen godk\u00e4nde<br \/>\n\u00c2\u00a77. \u00c5rsm\u00f6tets beh\u00f6riga utlysande<br \/>\n\u00c2\u00a78. Styrelsens verksamhetsber\u00e4ttelse och ekonomiska ber\u00e4ttelse<br \/>\n\u00c2\u00a79. Revisorernas ber\u00e4ttelse<br \/>\n\u00c2\u00a710. Fr\u00e5gan om ansvarsfrihet<br \/>\n\u00c2\u00a711. Behandling av inkomna motioner och styrelsens f\u00f6rslag<br \/>\n\u00c2\u00a712. Best\u00e4mmande av medlemsavgiften f\u00f6r n\u00e4stkommande \u00e5r<br \/>\n\u00c2\u00a713. Best\u00e4mmande av ers\u00e4ttningar<br \/>\n\u00c2\u00a714. Val av ordf\u00f6rande (avg. Stefan H\u00e5kansson)<br \/>\n\u00c2\u00a715. Val av styrelse (avg. Leif Bohman och Fredrik Sievert) och suppleant (avg. Mikael<br \/>\nSvensson)<br \/>\n\u00c2\u00a716. Val av revisorer (avg. Ted Sandb\u00e4ck och Daniel Johansson) och suppleant (Johan<br \/>\nKnutsson)<br \/>\n\u00c2\u00a717. Val av ombud till SSFs kongress<br \/>\n\u00c2\u00a718. Val av valberedning (avg. Cai Jussila och Johan Knutsson)<br \/>\n\u00c2\u00a719. \u00d6vriga fr\u00e5gor<br \/>\n\u00c2\u00a720. M\u00f6tets avslutande<br \/>\nV\u00e4lkomna<br \/>\nStyrelsen i NvSSF den 12 februari 2019.<\/p>\n<p><strong>Denna kallelse i <a href=\"https:\/\/www.nvssf.com\/forbundet\/wp-content\/uploads\/2019\/02\/kallelseArsmote2019.pdf\" target=\"_blank\" rel=\"noopener\">pdf-format<\/a>.<\/strong><\/p>\n","protected":false},"excerpt":{"rendered":"<p>Nordv\u00e4stra Sk\u00e5nes Schackf\u00f6rbunds bjuder in medlemsklubbarna till \u00e5rsm\u00f6te.<\/p>\n","protected":false},"author":2,"featured_media":0,"comment_status":"open","ping_status":"open","sticky":false,"template":"","format":"standard","meta":{"_acf_changed":false,"footnotes":""},"categories":[13],"tags":[],"acf":[],"_links":{"self":[{"href":"https:\/\/www.nvssf.com\/forbundet\/wp-json\/wp\/v2\/posts\/7104"}],"collection":[{"href":"https:\/\/www.nvssf.com\/forbundet\/wp-json\/wp\/v2\/posts"}],"about":[{"href":"https:\/\/www.nvssf.com\/forbundet\/wp-json\/wp\/v2\/types\/post"}],"author":[{"embeddable":true,"href":"https:\/\/www.nvssf.com\/forbundet\/wp-json\/wp\/v2\/users\/2"}],"replies":[{"embeddable":true,"href":"https:\/\/www.nvssf.com\/forbundet\/wp-json\/wp\/v2\/comments?post=7104"}],"version-history":[{"count":1,"href":"https:\/\/www.nvssf.com\/forbundet\/wp-json\/wp\/v2\/posts\/7104\/revisions"}],"predecessor-version":[{"id":7115,"href":"https:\/\/www.nvssf.com\/forbundet\/wp-json\/wp\/v2\/posts\/7104\/revisions\/7115"}],"wp:attachment":[{"href":"https:\/\/www.nvssf.com\/forbundet\/wp-json\/wp\/v2\/media?parent=7104"}],"wp:term":[{"taxonomy":"category","embeddable":true,"href":"https:\/\/www.nvssf.com\/forbundet\/wp-json\/wp\/v2\/categories?post=7104"},{"taxonomy":"post_tag","embeddable":true,"href":"https:\/\/www.nvssf.com\/forbundet\/wp-json\/wp\/v2\/tags?post=7104"}],"curies":[{"name":"wp","href":"https:\/\/api.w.org\/{rel}","templated":true}]}}