{"id":7123,"date":"2019-02-17T16:23:08","date_gmt":"2019-02-17T15:23:08","guid":{"rendered":"http:\/\/www.nvssf.com\/forbundet\/?p=7123"},"modified":"2020-11-05T12:57:34","modified_gmt":"2020-11-05T11:57:34","slug":"inbjudan-till-skane-open-6-7-april","status":"publish","type":"post","link":"https:\/\/www.nvssf.com\/forbundet\/inbjudan-till-skane-open-6-7-april\/","title":{"rendered":"Inbjudan till Sk\u00e5ne Open 6 &#8211; 7 april"},"content":{"rendered":"<h2>Sk\u00e5nes Schackf\u00f6rbund och Lunds ASK bjuder in till Sk\u00e5ne Open 2019<\/h2>\n<p>Turneringen \u00e4r \u00f6ppet DM och eloregistrerad f\u00f6r snabbschack.<\/p>\n<p><span class=\"removed_link\" title=\"https:\/\/www.nvssf.com\/forbundet\/wp-content\/uploads\/2019\/02\/skane_open_2019inbjudan.pdf\">Inbjudan (pdf).<\/span><\/p>\n<p>Webbanm\u00e4lan g\u00f6rs p\u00e5<\/p>\n<p><a href=\"https:\/\/member.schack.se\/turnering\/1575\/anmalan\" target=\"_blank\" rel=\"noopener noreferrer\">https:\/\/member.schack.se\/turnering\/1575\/anmalan<\/a><\/p>\n<p>Kolla \u00e4ven LASK:s hemsida <a href=\"http:\/\/www.lask.se\/\" target=\"_blank\" rel=\"noopener noreferrer\">www.lask.se<\/a><\/p>\n<p>V\u00e4lkomna!<\/p>\n<p>LASK<\/p>\n","protected":false},"excerpt":{"rendered":"<p>Sk\u00e5nes Schackf\u00f6rbund och Lunds ASK bjuder in till Sk\u00e5ne Open 2019 Turneringen \u00e4r \u00f6ppet DM och eloregistrerad f\u00f6r snabbschack. Inbjudan (pdf). Webbanm\u00e4lan g\u00f6rs p\u00e5 https:\/\/member.schack.se\/turnering\/1575\/anmalan Kolla \u00e4ven LASK:s hemsida www.lask.se V\u00e4lkomna! LASK<\/p>\n","protected":false},"author":2,"featured_media":0,"comment_status":"open","ping_status":"open","sticky":false,"template":"","format":"standard","meta":{"_acf_changed":false,"footnotes":""},"categories":[7,14],"tags":[],"acf":[],"_links":{"self":[{"href":"https:\/\/www.nvssf.com\/forbundet\/wp-json\/wp\/v2\/posts\/7123"}],"collection":[{"href":"https:\/\/www.nvssf.com\/forbundet\/wp-json\/wp\/v2\/posts"}],"about":[{"href":"https:\/\/www.nvssf.com\/forbundet\/wp-json\/wp\/v2\/types\/post"}],"author":[{"embeddable":true,"href":"https:\/\/www.nvssf.com\/forbundet\/wp-json\/wp\/v2\/users\/2"}],"replies":[{"embeddable":true,"href":"https:\/\/www.nvssf.com\/forbundet\/wp-json\/wp\/v2\/comments?post=7123"}],"version-history":[{"count":1,"href":"https:\/\/www.nvssf.com\/forbundet\/wp-json\/wp\/v2\/posts\/7123\/revisions"}],"predecessor-version":[{"id":9441,"href":"https:\/\/www.nvssf.com\/forbundet\/wp-json\/wp\/v2\/posts\/7123\/revisions\/9441"}],"wp:attachment":[{"href":"https:\/\/www.nvssf.com\/forbundet\/wp-json\/wp\/v2\/media?parent=7123"}],"wp:term":[{"taxonomy":"category","embeddable":true,"href":"https:\/\/www.nvssf.com\/forbundet\/wp-json\/wp\/v2\/categories?post=7123"},{"taxonomy":"post_tag","embeddable":true,"href":"https:\/\/www.nvssf.com\/forbundet\/wp-json\/wp\/v2\/tags?post=7123"}],"curies":[{"name":"wp","href":"https:\/\/api.w.org\/{rel}","templated":true}]}}