{"id":7147,"date":"2019-02-24T12:48:31","date_gmt":"2019-02-24T11:48:31","guid":{"rendered":"http:\/\/www.nvssf.com\/forbundet\/?p=7147"},"modified":"2019-02-24T12:48:31","modified_gmt":"2019-02-24T11:48:31","slug":"kurt-ahlgren-14-juli-1930-5-januari-2019","status":"publish","type":"post","link":"https:\/\/www.nvssf.com\/forbundet\/kurt-ahlgren-14-juli-1930-5-januari-2019\/","title":{"rendered":"Kurt Ahlgren 14 juli 1930 &#8211; 5 januari 2019"},"content":{"rendered":"<p>Kurt Ahlgren,HG-Schack har avlidit (<a href=\"https:\/\/www.familjesidan.se\/cases\/kurt-ahlgren\/funeral-notices\" target=\"_blank\" rel=\"noopener noreferrer\">d\u00f6dsannons<\/a>). Kurt var HG-Schacks starke man och den som h\u00f6ll ihop klubben i v\u00e5tt och torrt. Undertecknad b\u00f6rjade sin schackliga bana i HG-Schack 1981 och jag l\u00e4rde mig mycket av Kurt och ungdomstr\u00e4naren Erik Olsson d\u00e4r. En av dom viktigaste stegen i min schackliga bildning s\u00e5g Kurt till att jag tog, han tog med mig till mitt f\u00f6rsta SM, Karlskrona 1983, d\u00e4r vi (jag,Kurt, hans son Mats och Tomas Rosenqvist) bodde tillsammans p\u00e5 en camping.<\/p>\n<p>Med Kurts bortg\u00e5ng har f\u00f6rbundet f\u00f6rlorat en schacklig trotj\u00e4nare.<\/p>\n<div id=\"attachment_5256\" style=\"width: 560px\" class=\"wp-caption aligncenter\"><a href=\"https:\/\/www.nvssf.com\/forbundet\/wp-content\/uploads\/2017\/11\/ahlgrenx2hgvsastorp2017.png\"><img loading=\"lazy\" decoding=\"async\" aria-describedby=\"caption-attachment-5256\" class=\"size-full wp-image-5256\" src=\"https:\/\/www.nvssf.com\/forbundet\/wp-content\/uploads\/2017\/11\/ahlgrenx2hgvsastorp2017.png\" alt=\"\" width=\"550\" height=\"413\" srcset=\"https:\/\/www.nvssf.com\/forbundet\/wp-content\/uploads\/2017\/11\/ahlgrenx2hgvsastorp2017.png 550w, https:\/\/www.nvssf.com\/forbundet\/wp-content\/uploads\/2017\/11\/ahlgrenx2hgvsastorp2017-150x113.png 150w, https:\/\/www.nvssf.com\/forbundet\/wp-content\/uploads\/2017\/11\/ahlgrenx2hgvsastorp2017-300x225.png 300w, https:\/\/www.nvssf.com\/forbundet\/wp-content\/uploads\/2017\/11\/ahlgrenx2hgvsastorp2017-400x300.png 400w\" sizes=\"(max-width: 550px) 100vw, 550px\" \/><\/a><p id=\"caption-attachment-5256\" class=\"wp-caption-text\">Bild ifr\u00e5n matchen HG Schack &#8211; \u00c5storps SS i distriktsserien den 26 november 2017.<br \/>Mats Ahlgren (l\u00e4ngst bort i bild) och Kurt Ahlgren mot Mattias Medelis (vit). \u00c5ldersskillnaden mellan Kurt &amp; Mattias var hela 76 \u00e5r. Detta var Kurts sista t\u00e4vlingsparti.<br \/>Foto: Anders Hansen<\/p><\/div>\n","protected":false},"excerpt":{"rendered":"<p>Kurt Ahlgren,HG-Schack har avlidit (d\u00f6dsannons). Kurt var HG-Schacks starke man och den som h\u00f6ll ihop klubben i v\u00e5tt och torrt. Undertecknad b\u00f6rjade sin schackliga bana i HG-Schack 1981 och jag l\u00e4rde mig mycket av Kurt och ungdomstr\u00e4naren Erik Olsson d\u00e4r. &hellip; <a href=\"https:\/\/www.nvssf.com\/forbundet\/kurt-ahlgren-14-juli-1930-5-januari-2019\/\">Forts\u00e4tt l\u00e4sa <span class=\"meta-nav\">&rarr;<\/span><\/a><\/p>\n","protected":false},"author":2,"featured_media":0,"comment_status":"open","ping_status":"open","sticky":false,"template":"","format":"standard","meta":{"_acf_changed":false,"footnotes":""},"categories":[13],"tags":[49],"acf":[],"_links":{"self":[{"href":"https:\/\/www.nvssf.com\/forbundet\/wp-json\/wp\/v2\/posts\/7147"}],"collection":[{"href":"https:\/\/www.nvssf.com\/forbundet\/wp-json\/wp\/v2\/posts"}],"about":[{"href":"https:\/\/www.nvssf.com\/forbundet\/wp-json\/wp\/v2\/types\/post"}],"author":[{"embeddable":true,"href":"https:\/\/www.nvssf.com\/forbundet\/wp-json\/wp\/v2\/users\/2"}],"replies":[{"embeddable":true,"href":"https:\/\/www.nvssf.com\/forbundet\/wp-json\/wp\/v2\/comments?post=7147"}],"version-history":[{"count":1,"href":"https:\/\/www.nvssf.com\/forbundet\/wp-json\/wp\/v2\/posts\/7147\/revisions"}],"predecessor-version":[{"id":7148,"href":"https:\/\/www.nvssf.com\/forbundet\/wp-json\/wp\/v2\/posts\/7147\/revisions\/7148"}],"wp:attachment":[{"href":"https:\/\/www.nvssf.com\/forbundet\/wp-json\/wp\/v2\/media?parent=7147"}],"wp:term":[{"taxonomy":"category","embeddable":true,"href":"https:\/\/www.nvssf.com\/forbundet\/wp-json\/wp\/v2\/categories?post=7147"},{"taxonomy":"post_tag","embeddable":true,"href":"https:\/\/www.nvssf.com\/forbundet\/wp-json\/wp\/v2\/tags?post=7147"}],"curies":[{"name":"wp","href":"https:\/\/api.w.org\/{rel}","templated":true}]}}