{"id":7158,"date":"2019-03-09T15:24:55","date_gmt":"2019-03-09T14:24:55","guid":{"rendered":"http:\/\/www.nvssf.com\/forbundet\/?p=7158"},"modified":"2022-01-30T11:52:56","modified_gmt":"2022-01-30T10:52:56","slug":"framgangar-for-helsingborgs-ask-i-skanes-juniorserie","status":"publish","type":"post","link":"https:\/\/www.nvssf.com\/forbundet\/framgangar-for-helsingborgs-ask-i-skanes-juniorserie\/","title":{"rendered":"Framg\u00e5ngar f\u00f6r Helsingborgs ASK i Sk\u00e5nes Juniorserie"},"content":{"rendered":"<p><a href=\"http:\/\/www.skaneschack.se\/\" target=\"_blank\" rel=\"noopener noreferrer\">Sk\u00e5nes Schackf\u00f6rbunds<\/a> Juniorserie avslutades traditionsenligt i Dalby idag. Som vanligt styrdes t\u00e4vlingen med fast hand av t\u00e4vlingsledaren Roland Thapper ifr\u00e5n den lokala arrang\u00f6ren SK Bara b\u00f6nder.<\/p>\n<p>Nordv\u00e4stra Sk\u00e5ne hade 5 lag med i de olika serierna, samtliga dessa lag kom ifr\u00e5n <span class=\"removed_link\" title=\"http:\/\/www.nvssf.com\/hask\/\">Helsingborgs ASK<\/span>.<\/p>\n<p>Helsingborgarna hade fina framg\u00e5ngar, tv\u00e5 lag som slutade \u00f6verst p\u00e5 prispallen i <a href=\"https:\/\/member.schack.se\/ShowTournamentServlet?id=6109\" target=\"_blank\" rel=\"noopener noreferrer\">Divison 1<\/a> (lag 1) och Division 3 (lag 2), dessutom tog HASK lag 2 hem bronset i <a href=\"https:\/\/member.schack.se\/ShowTournamentServlet?id=6110\" target=\"_blank\" rel=\"noopener noreferrer\">Div 2<\/a>.<\/p>\n<div id=\"attachment_7161\" style=\"width: 594px\" class=\"wp-caption aligncenter\"><a href=\"https:\/\/www.nvssf.com\/forbundet\/wp-content\/uploads\/2019\/03\/HASKlag1.jpg\"><img loading=\"lazy\" decoding=\"async\" aria-describedby=\"caption-attachment-7161\" class=\"size-large wp-image-7161\" src=\"https:\/\/www.nvssf.com\/forbundet\/wp-content\/uploads\/2019\/03\/HASKlag1-1024x768.jpg\" alt=\"Helsingborgs ASK lag 1 Dalby, 2019\" width=\"584\" height=\"438\" srcset=\"https:\/\/www.nvssf.com\/forbundet\/wp-content\/uploads\/2019\/03\/HASKlag1-1024x768.jpg 1024w, https:\/\/www.nvssf.com\/forbundet\/wp-content\/uploads\/2019\/03\/HASKlag1-150x113.jpg 150w, https:\/\/www.nvssf.com\/forbundet\/wp-content\/uploads\/2019\/03\/HASKlag1-300x225.jpg 300w, https:\/\/www.nvssf.com\/forbundet\/wp-content\/uploads\/2019\/03\/HASKlag1-768x576.jpg 768w, https:\/\/www.nvssf.com\/forbundet\/wp-content\/uploads\/2019\/03\/HASKlag1-400x300.jpg 400w, https:\/\/www.nvssf.com\/forbundet\/wp-content\/uploads\/2019\/03\/HASKlag1.jpg 1984w\" sizes=\"(max-width: 584px) 100vw, 584px\" \/><\/a><p id=\"caption-attachment-7161\" class=\"wp-caption-text\">Helsingborgs ASK lag 1. Helsingborgarna sitter till h\u00f6ger i bild. Foto: Stefan H\u00e5kansson<\/p><\/div>\n<div id=\"attachment_7162\" style=\"width: 594px\" class=\"wp-caption aligncenter\"><a href=\"https:\/\/www.nvssf.com\/forbundet\/wp-content\/uploads\/2019\/03\/HASKlag2.jpg\"><img loading=\"lazy\" decoding=\"async\" aria-describedby=\"caption-attachment-7162\" class=\"size-large wp-image-7162\" src=\"https:\/\/www.nvssf.com\/forbundet\/wp-content\/uploads\/2019\/03\/HASKlag2-1024x768.jpg\" alt=\"Helsingborgs ASK lag 2 Dalby,2019\" width=\"584\" height=\"438\" srcset=\"https:\/\/www.nvssf.com\/forbundet\/wp-content\/uploads\/2019\/03\/HASKlag2-1024x768.jpg 1024w, https:\/\/www.nvssf.com\/forbundet\/wp-content\/uploads\/2019\/03\/HASKlag2-150x113.jpg 150w, https:\/\/www.nvssf.com\/forbundet\/wp-content\/uploads\/2019\/03\/HASKlag2-300x225.jpg 300w, https:\/\/www.nvssf.com\/forbundet\/wp-content\/uploads\/2019\/03\/HASKlag2-768x576.jpg 768w, https:\/\/www.nvssf.com\/forbundet\/wp-content\/uploads\/2019\/03\/HASKlag2-400x300.jpg 400w, https:\/\/www.nvssf.com\/forbundet\/wp-content\/uploads\/2019\/03\/HASKlag2.jpg 1984w\" sizes=\"(max-width: 584px) 100vw, 584px\" \/><\/a><p id=\"caption-attachment-7162\" class=\"wp-caption-text\">Helsingborgs ASK lag 2. Helsingborgarna sitter till v\u00e4nster i bild. Foto: Stefan H\u00e5kansson<\/p><\/div>\n<div id=\"attachment_7163\" style=\"width: 594px\" class=\"wp-caption aligncenter\"><a href=\"https:\/\/www.nvssf.com\/forbundet\/wp-content\/uploads\/2019\/03\/HASKlag3.jpg\"><img loading=\"lazy\" decoding=\"async\" aria-describedby=\"caption-attachment-7163\" class=\"size-large wp-image-7163\" src=\"https:\/\/www.nvssf.com\/forbundet\/wp-content\/uploads\/2019\/03\/HASKlag3-1024x768.jpg\" alt=\"Helsingborgs ASK lag 3 Dalby,2010\" width=\"584\" height=\"438\" srcset=\"https:\/\/www.nvssf.com\/forbundet\/wp-content\/uploads\/2019\/03\/HASKlag3-1024x768.jpg 1024w, https:\/\/www.nvssf.com\/forbundet\/wp-content\/uploads\/2019\/03\/HASKlag3-150x113.jpg 150w, https:\/\/www.nvssf.com\/forbundet\/wp-content\/uploads\/2019\/03\/HASKlag3-300x225.jpg 300w, https:\/\/www.nvssf.com\/forbundet\/wp-content\/uploads\/2019\/03\/HASKlag3-768x576.jpg 768w, https:\/\/www.nvssf.com\/forbundet\/wp-content\/uploads\/2019\/03\/HASKlag3-400x300.jpg 400w, https:\/\/www.nvssf.com\/forbundet\/wp-content\/uploads\/2019\/03\/HASKlag3.jpg 1984w\" sizes=\"(max-width: 584px) 100vw, 584px\" \/><\/a><p id=\"caption-attachment-7163\" class=\"wp-caption-text\">Helsingborgs ASK lag 3. Helsingborgarna sitter till h\u00f6ger i bild. Foto: Stefan H\u00e5kansson<\/p><\/div>\n<div id=\"attachment_7164\" style=\"width: 594px\" class=\"wp-caption aligncenter\"><a href=\"https:\/\/www.nvssf.com\/forbundet\/wp-content\/uploads\/2019\/03\/HASKlag4.jpg\"><img loading=\"lazy\" decoding=\"async\" aria-describedby=\"caption-attachment-7164\" class=\"size-large wp-image-7164\" src=\"https:\/\/www.nvssf.com\/forbundet\/wp-content\/uploads\/2019\/03\/HASKlag4-1024x768.jpg\" alt=\"HASK lag 5 Dalby, 2019\" width=\"584\" height=\"438\" srcset=\"https:\/\/www.nvssf.com\/forbundet\/wp-content\/uploads\/2019\/03\/HASKlag4-1024x768.jpg 1024w, https:\/\/www.nvssf.com\/forbundet\/wp-content\/uploads\/2019\/03\/HASKlag4-150x113.jpg 150w, https:\/\/www.nvssf.com\/forbundet\/wp-content\/uploads\/2019\/03\/HASKlag4-300x225.jpg 300w, https:\/\/www.nvssf.com\/forbundet\/wp-content\/uploads\/2019\/03\/HASKlag4-768x576.jpg 768w, https:\/\/www.nvssf.com\/forbundet\/wp-content\/uploads\/2019\/03\/HASKlag4-400x300.jpg 400w, https:\/\/www.nvssf.com\/forbundet\/wp-content\/uploads\/2019\/03\/HASKlag4.jpg 1984w\" sizes=\"(max-width: 584px) 100vw, 584px\" \/><\/a><p id=\"caption-attachment-7164\" class=\"wp-caption-text\">Helsingborgs ASK lag 4. Helsingborgarna sitter v\u00e4nda mot kameran. Foto: Stefan H\u00e5kansson<\/p><\/div>\n<div id=\"attachment_7165\" style=\"width: 594px\" class=\"wp-caption aligncenter\"><a href=\"https:\/\/www.nvssf.com\/forbundet\/wp-content\/uploads\/2019\/03\/HASKlag5webb.jpg\"><img loading=\"lazy\" decoding=\"async\" aria-describedby=\"caption-attachment-7165\" class=\"size-large wp-image-7165\" src=\"https:\/\/www.nvssf.com\/forbundet\/wp-content\/uploads\/2019\/03\/HASKlag5webb-1024x718.jpg\" alt=\"Alex Henriksen 2019,Dalby\" width=\"584\" height=\"409\" srcset=\"https:\/\/www.nvssf.com\/forbundet\/wp-content\/uploads\/2019\/03\/HASKlag5webb-1024x718.jpg 1024w, https:\/\/www.nvssf.com\/forbundet\/wp-content\/uploads\/2019\/03\/HASKlag5webb-150x105.jpg 150w, https:\/\/www.nvssf.com\/forbundet\/wp-content\/uploads\/2019\/03\/HASKlag5webb-300x210.jpg 300w, https:\/\/www.nvssf.com\/forbundet\/wp-content\/uploads\/2019\/03\/HASKlag5webb-768x538.jpg 768w, https:\/\/www.nvssf.com\/forbundet\/wp-content\/uploads\/2019\/03\/HASKlag5webb-428x300.jpg 428w, https:\/\/www.nvssf.com\/forbundet\/wp-content\/uploads\/2019\/03\/HASKlag5webb.jpg 1492w\" sizes=\"(max-width: 584px) 100vw, 584px\" \/><\/a><p id=\"caption-attachment-7165\" class=\"wp-caption-text\">Helsingborgs ASK lag 5. Helsingborgarna sitter till h\u00f6ger i bild. Foto: Stefan H\u00e5kansson.<\/p><\/div>\n","protected":false},"excerpt":{"rendered":"<p>Sk\u00e5nes Schackf\u00f6rbunds Juniorserie avslutades traditionsenligt i Dalby idag. Som vanligt styrdes t\u00e4vlingen med fast hand av t\u00e4vlingsledaren Roland Thapper ifr\u00e5n den lokala arrang\u00f6ren SK Bara b\u00f6nder. Nordv\u00e4stra Sk\u00e5ne hade 5 lag med i de olika serierna, samtliga dessa lag kom &hellip; <a href=\"https:\/\/www.nvssf.com\/forbundet\/framgangar-for-helsingborgs-ask-i-skanes-juniorserie\/\">Forts\u00e4tt l\u00e4sa <span class=\"meta-nav\">&rarr;<\/span><\/a><\/p>\n","protected":false},"author":2,"featured_media":0,"comment_status":"open","ping_status":"open","sticky":false,"template":"","format":"standard","meta":{"_acf_changed":false,"footnotes":""},"categories":[9,14],"tags":[41],"acf":[],"_links":{"self":[{"href":"https:\/\/www.nvssf.com\/forbundet\/wp-json\/wp\/v2\/posts\/7158"}],"collection":[{"href":"https:\/\/www.nvssf.com\/forbundet\/wp-json\/wp\/v2\/posts"}],"about":[{"href":"https:\/\/www.nvssf.com\/forbundet\/wp-json\/wp\/v2\/types\/post"}],"author":[{"embeddable":true,"href":"https:\/\/www.nvssf.com\/forbundet\/wp-json\/wp\/v2\/users\/2"}],"replies":[{"embeddable":true,"href":"https:\/\/www.nvssf.com\/forbundet\/wp-json\/wp\/v2\/comments?post=7158"}],"version-history":[{"count":1,"href":"https:\/\/www.nvssf.com\/forbundet\/wp-json\/wp\/v2\/posts\/7158\/revisions"}],"predecessor-version":[{"id":10920,"href":"https:\/\/www.nvssf.com\/forbundet\/wp-json\/wp\/v2\/posts\/7158\/revisions\/10920"}],"wp:attachment":[{"href":"https:\/\/www.nvssf.com\/forbundet\/wp-json\/wp\/v2\/media?parent=7158"}],"wp:term":[{"taxonomy":"category","embeddable":true,"href":"https:\/\/www.nvssf.com\/forbundet\/wp-json\/wp\/v2\/categories?post=7158"},{"taxonomy":"post_tag","embeddable":true,"href":"https:\/\/www.nvssf.com\/forbundet\/wp-json\/wp\/v2\/tags?post=7158"}],"curies":[{"name":"wp","href":"https:\/\/api.w.org\/{rel}","templated":true}]}}