{"id":7282,"date":"2019-04-20T12:54:42","date_gmt":"2019-04-20T10:54:42","guid":{"rendered":"http:\/\/www.nvssf.com\/forbundet\/?p=7282"},"modified":"2020-11-05T12:57:46","modified_gmt":"2020-11-05T11:57:46","slug":"nvssf-blixtavslutning-anmal-er-senast-20-april","status":"publish","type":"post","link":"https:\/\/www.nvssf.com\/forbundet\/nvssf-blixtavslutning-anmal-er-senast-20-april\/","title":{"rendered":"NvSSF blixtavslutning &#8211; anm\u00e4l er senast 25 april! Obs! Sista anm\u00e4lningsdag framflyttad till den 25:e april"},"content":{"rendered":"<p><img loading=\"lazy\" decoding=\"async\" class=\"aligncenter size-full wp-image-397\" src=\"https:\/\/www.nvssf.com\/forbundet\/wp-content\/uploads\/2014\/05\/nvssf_logo_white.gif\" alt=\"\" width=\"85\" height=\"81\" \/><\/p>\n<p>F\u00f6rbundets blixtavslutning n\u00e4rmar sig, den spelas den <strong>5 maj<\/strong> i Klippan. <strong>T\u00e4nk p\u00e5 att sista dagen att anm\u00e4la sig \u00e4r den 25:e april. Obs ny datum f\u00f6r sista anm\u00e4lan, framflyttad till Torsdagen den 25:e april!<\/strong>\u00c2\u00a0Hur man anm\u00e4ler sig hittar du i inbjudan som det l\u00e4nkas till sist i detta inl\u00e4gg.<!--more--><\/p>\n<p>Det blir b\u00e5de lag- och individuellt m\u00e4sterskap. Tanken \u00e4r att f\u00f6rs\u00f6ka \u00e5terskapa &#8221;T\u00e5ngamodellen&#8221; som ju var en av schack\u00e5rets h\u00f6jdpunkter.<\/p>\n<p>Nytt f\u00f6r \u00e5ret \u00e4r att det blir 3 mannalag!<br \/>\n<strong>Speldatum:<\/strong> 5\/5 2019<br \/>\n<strong>Plats:<\/strong> Vedby kyrkstuga,Klippan<br \/>\n<strong>Starttid: <\/strong>10.00<br \/>\n<strong>Personlig anm\u00e4lan:<\/strong> 9.30<br \/>\nSe inbjudan f\u00f6r mer info:\u00c2\u00a0<span class=\"removed_link\" title=\"https:\/\/www.nvssf.com\/forbundet\/wp-content\/uploads\/2019\/03\/inbjSeniorBlixt-DM-2019.pdf\">https:\/\/www.nvssf.com\/forbundet\/wp-content\/uploads\/2019\/03\/inbjSeniorBlixt-DM-2019.pdf<\/span><\/p>\n<h3>F\u00f6rhandsanm\u00e4lda<\/h3>\n<p><strong>Lag:<\/strong><br \/>\n<strong>Skromberga ASS<\/strong><br \/>\nHans Dehlin<br \/>\nTord Andersson<br \/>\nLars Persson<\/p>\n<p><strong>Helsingborgs ASK<\/strong><br \/>\nPatrik Nilsson<br \/>\nStefan H\u00e5kansson<br \/>\nFredric Olsson<\/p>\n<p><strong>Engelholms SK<\/strong><br \/>\nViktor Lundberg<br \/>\nBo<br \/>\nSusanne Ellerstrand<\/p>\n<p><strong>Klippans SK<\/strong><br \/>\nRobert Dahl<br \/>\nTed sandbech<br \/>\nMagnus Ljunggren<\/p>\n<p><strong>HASK II<\/strong><br \/>\nFilip Jonsson<br \/>\nDaniel Mena<br \/>\nDaniel Johansson<\/p>\n<p><strong>Individuellt:<\/strong><br \/>\nLeif Boman<br \/>\nMikael Frostin<\/p>\n","protected":false},"excerpt":{"rendered":"<p>F\u00f6rbundets blixtavslutning n\u00e4rmar sig, den spelas den 5 maj i Klippan. T\u00e4nk p\u00e5 att sista dagen att anm\u00e4la sig \u00e4r den 25:e april. Obs ny datum f\u00f6r sista anm\u00e4lan, framflyttad till Torsdagen den 25:e april!\u00c2\u00a0Hur man anm\u00e4ler sig hittar du &hellip; <a href=\"https:\/\/www.nvssf.com\/forbundet\/nvssf-blixtavslutning-anmal-er-senast-20-april\/\">Forts\u00e4tt l\u00e4sa <span class=\"meta-nav\">&rarr;<\/span><\/a><\/p>\n","protected":false},"author":2,"featured_media":0,"comment_status":"open","ping_status":"open","sticky":false,"template":"","format":"standard","meta":{"_acf_changed":false,"footnotes":""},"categories":[13,18,7,16],"tags":[],"acf":[],"_links":{"self":[{"href":"https:\/\/www.nvssf.com\/forbundet\/wp-json\/wp\/v2\/posts\/7282"}],"collection":[{"href":"https:\/\/www.nvssf.com\/forbundet\/wp-json\/wp\/v2\/posts"}],"about":[{"href":"https:\/\/www.nvssf.com\/forbundet\/wp-json\/wp\/v2\/types\/post"}],"author":[{"embeddable":true,"href":"https:\/\/www.nvssf.com\/forbundet\/wp-json\/wp\/v2\/users\/2"}],"replies":[{"embeddable":true,"href":"https:\/\/www.nvssf.com\/forbundet\/wp-json\/wp\/v2\/comments?post=7282"}],"version-history":[{"count":1,"href":"https:\/\/www.nvssf.com\/forbundet\/wp-json\/wp\/v2\/posts\/7282\/revisions"}],"predecessor-version":[{"id":9444,"href":"https:\/\/www.nvssf.com\/forbundet\/wp-json\/wp\/v2\/posts\/7282\/revisions\/9444"}],"wp:attachment":[{"href":"https:\/\/www.nvssf.com\/forbundet\/wp-json\/wp\/v2\/media?parent=7282"}],"wp:term":[{"taxonomy":"category","embeddable":true,"href":"https:\/\/www.nvssf.com\/forbundet\/wp-json\/wp\/v2\/categories?post=7282"},{"taxonomy":"post_tag","embeddable":true,"href":"https:\/\/www.nvssf.com\/forbundet\/wp-json\/wp\/v2\/tags?post=7282"}],"curies":[{"name":"wp","href":"https:\/\/api.w.org\/{rel}","templated":true}]}}