{"id":7605,"date":"2019-06-08T13:40:12","date_gmt":"2019-06-08T11:40:12","guid":{"rendered":"http:\/\/www.nvssf.com\/forbundet\/?p=7605"},"modified":"2019-06-08T13:40:12","modified_gmt":"2019-06-08T11:40:12","slug":"sex-fjardeklassare-vidare-till-schackfyranmastarens-final","status":"publish","type":"post","link":"https:\/\/www.nvssf.com\/forbundet\/sex-fjardeklassare-vidare-till-schackfyranmastarens-final\/","title":{"rendered":"Sex fj\u00e4rdeklassare vidare till Schackfyranm\u00e4starens final"},"content":{"rendered":"<p><a href=\"https:\/\/www.nvssf.com\/forbundet\/wp-content\/uploads\/2014\/05\/nvssf_logo_white.gif\"><img loading=\"lazy\" decoding=\"async\" class=\"aligncenter size-full wp-image-397\" src=\"https:\/\/www.nvssf.com\/forbundet\/wp-content\/uploads\/2014\/05\/nvssf_logo_white.gif\" alt=\"\" width=\"85\" height=\"81\" \/><\/a><\/p>\n<p>Sex deltagare i dagens kval till Schackfyransm\u00e4starens final tog de \u00e5tr\u00e5v\u00e4rda 71 procenten av maxpo\u00e4ngen (21 po\u00e4ng) och kvalificerade sig f\u00f6r finalen. Finalen spelas under Schack-SM i Eskilstuna och i samma spellokaler.<\/p>\n<p>Dom sex unga nordv\u00e4stsk\u00e5nska spelarna<!--more--> som kvalificerade sig var:<\/p>\n<ol>\n<li><strong>Mille Montelin<\/strong> Rydeb\u00e4cks Montessori SK<\/li>\n<li><strong>Felix Rothman<\/strong> Brog\u00e5rda SSK<\/li>\n<li><strong>Love Liljegren<\/strong> Rydeb\u00e4cks Montessori SK<\/li>\n<li><strong>Movits Heissler<\/strong> Slottsh\u00f6jdens SSK<\/li>\n<li><strong>Matti Rudberg<\/strong> Heleneborgs SSK<\/li>\n<li><strong>Emilia M\u00f6ller<\/strong> Heleneborgs SSK<\/li>\n<\/ol>\n<p>Man ska inte gl\u00f6mma bort \u00f6vriga tolv deltagares insats idag, alla k\u00e4mpade v\u00e4l och ingen f\u00f6rlorade samtliga partier. Slutst\u00e4llning och alla resultat rond f\u00f6r rond hittar man <a href=\"https:\/\/member.schack.se\/ShowTournamentServlet?id=7390\" target=\"_blank\" rel=\"noopener noreferrer\">h\u00e4r.<\/a><\/p>\n<div id=\"attachment_7607\" style=\"width: 760px\" class=\"wp-caption aligncenter\"><a href=\"https:\/\/www.nvssf.com\/forbundet\/wp-content\/uploads\/2019\/06\/webbIMG_20190608_123549.jpg\"><img loading=\"lazy\" decoding=\"async\" aria-describedby=\"caption-attachment-7607\" class=\"size-full wp-image-7607\" src=\"https:\/\/www.nvssf.com\/forbundet\/wp-content\/uploads\/2019\/06\/webbIMG_20190608_123549.jpg\" alt=\"Kvalificerade f\u00f6r Schackfyranm\u00e4starens final 2019\" width=\"750\" height=\"631\" srcset=\"https:\/\/www.nvssf.com\/forbundet\/wp-content\/uploads\/2019\/06\/webbIMG_20190608_123549.jpg 750w, https:\/\/www.nvssf.com\/forbundet\/wp-content\/uploads\/2019\/06\/webbIMG_20190608_123549-150x126.jpg 150w, https:\/\/www.nvssf.com\/forbundet\/wp-content\/uploads\/2019\/06\/webbIMG_20190608_123549-300x252.jpg 300w, https:\/\/www.nvssf.com\/forbundet\/wp-content\/uploads\/2019\/06\/webbIMG_20190608_123549-357x300.jpg 357w\" sizes=\"(max-width: 750px) 100vw, 750px\" \/><\/a><p id=\"caption-attachment-7607\" class=\"wp-caption-text\">De sex lyckliga spelarna som kvalificerade sig. Foto: Anders Hansen<\/p><\/div>\n<p>&nbsp;<\/p>\n","protected":false},"excerpt":{"rendered":"<p>Sex deltagare i dagens kval till Schackfyransm\u00e4starens final tog de \u00e5tr\u00e5v\u00e4rda 71 procenten av maxpo\u00e4ngen (21 po\u00e4ng) och kvalificerade sig f\u00f6r finalen. Finalen spelas under Schack-SM i Eskilstuna och i samma spellokaler. Dom sex unga nordv\u00e4stsk\u00e5nska spelarna<\/p>\n","protected":false},"author":2,"featured_media":0,"comment_status":"open","ping_status":"open","sticky":false,"template":"","format":"standard","meta":{"_acf_changed":false,"footnotes":""},"categories":[18,9,16],"tags":[],"acf":[],"_links":{"self":[{"href":"https:\/\/www.nvssf.com\/forbundet\/wp-json\/wp\/v2\/posts\/7605"}],"collection":[{"href":"https:\/\/www.nvssf.com\/forbundet\/wp-json\/wp\/v2\/posts"}],"about":[{"href":"https:\/\/www.nvssf.com\/forbundet\/wp-json\/wp\/v2\/types\/post"}],"author":[{"embeddable":true,"href":"https:\/\/www.nvssf.com\/forbundet\/wp-json\/wp\/v2\/users\/2"}],"replies":[{"embeddable":true,"href":"https:\/\/www.nvssf.com\/forbundet\/wp-json\/wp\/v2\/comments?post=7605"}],"version-history":[{"count":1,"href":"https:\/\/www.nvssf.com\/forbundet\/wp-json\/wp\/v2\/posts\/7605\/revisions"}],"predecessor-version":[{"id":7608,"href":"https:\/\/www.nvssf.com\/forbundet\/wp-json\/wp\/v2\/posts\/7605\/revisions\/7608"}],"wp:attachment":[{"href":"https:\/\/www.nvssf.com\/forbundet\/wp-json\/wp\/v2\/media?parent=7605"}],"wp:term":[{"taxonomy":"category","embeddable":true,"href":"https:\/\/www.nvssf.com\/forbundet\/wp-json\/wp\/v2\/categories?post=7605"},{"taxonomy":"post_tag","embeddable":true,"href":"https:\/\/www.nvssf.com\/forbundet\/wp-json\/wp\/v2\/tags?post=7605"}],"curies":[{"name":"wp","href":"https:\/\/api.w.org\/{rel}","templated":true}]}}