{"id":7680,"date":"2019-06-28T10:16:01","date_gmt":"2019-06-28T08:16:01","guid":{"rendered":"http:\/\/www.nvssf.com\/forbundet\/?p=7680"},"modified":"2019-06-28T10:16:01","modified_gmt":"2019-06-28T08:16:01","slug":"uteschack-i-astorp-2","status":"publish","type":"post","link":"https:\/\/www.nvssf.com\/forbundet\/uteschack-i-astorp-2\/","title":{"rendered":"Uteschack i \u00c5storp"},"content":{"rendered":"<p>Dan Ferm ifr\u00e5n \u00c5storps SS har skickat f\u00f6ljande information:<\/p>\n<blockquote><p>Det \u00e5rligen \u00e5terkommande uteschacket i \u00c5storp \u00e4r i g\u00e5ng.<br \/>\nDen kommande helgen 29\/6-30\/6 \u00e4r det Torparedagarna i \u00c5storp.<br \/>\nCa 30 000 bes\u00f6kare v\u00e4ntas till denna ort. Vi \u00e4r p\u00e5 plats och tar hand om alla schacksugna bes\u00f6kare.<br \/>\nD\u00e4refter blir det schack tisdagar och torsdagar kl 13.00-16.00.<\/p>\n<p>Med v\u00e4nlig h\u00e4lsning<\/p>\n<p>Dan<\/p>\n<p>\u00c5storps Schacks\u00e4llskap<\/p><\/blockquote>\n","protected":false},"excerpt":{"rendered":"<p>Dan Ferm ifr\u00e5n \u00c5storps SS har skickat f\u00f6ljande information: Det \u00e5rligen \u00e5terkommande uteschacket i \u00c5storp \u00e4r i g\u00e5ng. Den kommande helgen 29\/6-30\/6 \u00e4r det Torparedagarna i \u00c5storp. Ca 30 000 bes\u00f6kare v\u00e4ntas till denna ort. Vi \u00e4r p\u00e5 plats och &hellip; <a href=\"https:\/\/www.nvssf.com\/forbundet\/uteschack-i-astorp-2\/\">Forts\u00e4tt l\u00e4sa <span class=\"meta-nav\">&rarr;<\/span><\/a><\/p>\n","protected":false},"author":2,"featured_media":0,"comment_status":"open","ping_status":"open","sticky":false,"template":"","format":"standard","meta":{"_acf_changed":false,"footnotes":""},"categories":[94],"tags":[43],"acf":[],"_links":{"self":[{"href":"https:\/\/www.nvssf.com\/forbundet\/wp-json\/wp\/v2\/posts\/7680"}],"collection":[{"href":"https:\/\/www.nvssf.com\/forbundet\/wp-json\/wp\/v2\/posts"}],"about":[{"href":"https:\/\/www.nvssf.com\/forbundet\/wp-json\/wp\/v2\/types\/post"}],"author":[{"embeddable":true,"href":"https:\/\/www.nvssf.com\/forbundet\/wp-json\/wp\/v2\/users\/2"}],"replies":[{"embeddable":true,"href":"https:\/\/www.nvssf.com\/forbundet\/wp-json\/wp\/v2\/comments?post=7680"}],"version-history":[{"count":1,"href":"https:\/\/www.nvssf.com\/forbundet\/wp-json\/wp\/v2\/posts\/7680\/revisions"}],"predecessor-version":[{"id":7681,"href":"https:\/\/www.nvssf.com\/forbundet\/wp-json\/wp\/v2\/posts\/7680\/revisions\/7681"}],"wp:attachment":[{"href":"https:\/\/www.nvssf.com\/forbundet\/wp-json\/wp\/v2\/media?parent=7680"}],"wp:term":[{"taxonomy":"category","embeddable":true,"href":"https:\/\/www.nvssf.com\/forbundet\/wp-json\/wp\/v2\/categories?post=7680"},{"taxonomy":"post_tag","embeddable":true,"href":"https:\/\/www.nvssf.com\/forbundet\/wp-json\/wp\/v2\/tags?post=7680"}],"curies":[{"name":"wp","href":"https:\/\/api.w.org\/{rel}","templated":true}]}}