{"id":7685,"date":"2019-07-08T10:26:39","date_gmt":"2019-07-08T08:26:39","guid":{"rendered":"http:\/\/www.nvssf.com\/forbundet\/?p=7685"},"modified":"2020-03-23T13:19:20","modified_gmt":"2020-03-23T12:19:20","slug":"schack-sm-dag-1-3","status":"publish","type":"post","link":"https:\/\/www.nvssf.com\/forbundet\/schack-sm-dag-1-3\/","title":{"rendered":"Schack-SM dag 1 &#8211; 3"},"content":{"rendered":"<p>I fredags drogs de f\u00f6rsta dragen i \u00e5rets <span class=\"removed_link\" title=\"https:\/\/schack.se\/tavling\/schack-sm\/\">Schack-SM i Eskilstuna<\/span> n\u00e4r Weekendt\u00e4vlingen startade. I l\u00f6rdags startade ytterligare n\u00e5gra klasser, bland annat SM-gruppen. Bland de tio deltagarna i den klassen kommer vi att hitta \u00e5rets Svenske M\u00e4stare n\u00e4r SM avslutas p\u00e5 s\u00f6ndag.<\/p>\n<p>Tv\u00e5 klasser med nordv\u00e4stsk\u00e5nskt deltagande startade ocks\u00e5 p\u00e5 l\u00f6rdagen,Veteran-SM +65 och Schackfyranm\u00e4staren. Schackfyranm\u00e4staren spelades klart i l\u00f6rdags medans Veteran-SM kommer att spelas under hela veckan.<\/p>\n<p>I <a href=\"https:\/\/member.schack.se\/ShowTournamentServlet?id=7027\" target=\"_blank\" rel=\"noopener noreferrer\">Schackfyranm\u00e4staren<\/a> hade nordv\u00e4stsk\u00e5ne fem deltagare:<\/p>\n<ul>\n<li>Mille Montelin Rydeb\u00e4cks Montessori SK<\/li>\n<li>Love Liljegren Rydeb\u00e4cks Montessori SK<\/li>\n<li>Movitz Heissler Slotth\u00f6jdens SSK<\/li>\n<li>Emilia M\u00f6ller Helenborgs SSK<\/li>\n<li>Felix Rothman Brog\u00e5rda SSK<\/li>\n<\/ul>\n<p>B\u00e4st gick det f\u00f6r Mille och Love som slutade p\u00e5 107:e och 108:e plats bland de 175 startande.<\/p>\n<p>I <a href=\"https:\/\/member.schack.se\/ShowTournamentServlet?id=6997\" target=\"_blank\" rel=\"noopener noreferrer\">Veteran-SM 65+<\/a> spelar \u00c5ke Westin och Gert Lyngsj\u00f6. Tv\u00e5 ronder har spelats av nio. Vi \u00e5terkommer med resultat n\u00e4r SM har avslutats p\u00e5 s\u00f6ndag. D\u00e5 kommer vi att \u00e4ven redovisa de resultaten f\u00f6r de nordv\u00e4stsk\u00e5ningar som spelar i de klasser som \u00e4nnu inte har startat.<\/p>\n","protected":false},"excerpt":{"rendered":"<p>I fredags drogs de f\u00f6rsta dragen i \u00e5rets Schack-SM i Eskilstuna n\u00e4r Weekendt\u00e4vlingen startade. I l\u00f6rdags startade ytterligare n\u00e5gra klasser, bland annat SM-gruppen. Bland de tio deltagarna i den klassen kommer vi att hitta \u00e5rets Svenske M\u00e4stare n\u00e4r SM avslutas &hellip; <a href=\"https:\/\/www.nvssf.com\/forbundet\/schack-sm-dag-1-3\/\">Forts\u00e4tt l\u00e4sa <span class=\"meta-nav\">&rarr;<\/span><\/a><\/p>\n","protected":false},"author":2,"featured_media":0,"comment_status":"open","ping_status":"open","sticky":false,"template":"","format":"standard","meta":{"_acf_changed":false,"footnotes":""},"categories":[14],"tags":[48,45,95],"acf":[],"_links":{"self":[{"href":"https:\/\/www.nvssf.com\/forbundet\/wp-json\/wp\/v2\/posts\/7685"}],"collection":[{"href":"https:\/\/www.nvssf.com\/forbundet\/wp-json\/wp\/v2\/posts"}],"about":[{"href":"https:\/\/www.nvssf.com\/forbundet\/wp-json\/wp\/v2\/types\/post"}],"author":[{"embeddable":true,"href":"https:\/\/www.nvssf.com\/forbundet\/wp-json\/wp\/v2\/users\/2"}],"replies":[{"embeddable":true,"href":"https:\/\/www.nvssf.com\/forbundet\/wp-json\/wp\/v2\/comments?post=7685"}],"version-history":[{"count":1,"href":"https:\/\/www.nvssf.com\/forbundet\/wp-json\/wp\/v2\/posts\/7685\/revisions"}],"predecessor-version":[{"id":8639,"href":"https:\/\/www.nvssf.com\/forbundet\/wp-json\/wp\/v2\/posts\/7685\/revisions\/8639"}],"wp:attachment":[{"href":"https:\/\/www.nvssf.com\/forbundet\/wp-json\/wp\/v2\/media?parent=7685"}],"wp:term":[{"taxonomy":"category","embeddable":true,"href":"https:\/\/www.nvssf.com\/forbundet\/wp-json\/wp\/v2\/categories?post=7685"},{"taxonomy":"post_tag","embeddable":true,"href":"https:\/\/www.nvssf.com\/forbundet\/wp-json\/wp\/v2\/tags?post=7685"}],"curies":[{"name":"wp","href":"https:\/\/api.w.org\/{rel}","templated":true}]}}