{"id":7900,"date":"2019-09-27T15:00:54","date_gmt":"2019-09-27T13:00:54","guid":{"rendered":"http:\/\/www.nvssf.com\/forbundet\/?p=7900"},"modified":"2021-04-30T08:56:32","modified_gmt":"2021-04-30T06:56:32","slug":"silvermedalj-till-sverige","status":"publish","type":"post","link":"https:\/\/www.nvssf.com\/forbundet\/silvermedalj-till-sverige\/","title":{"rendered":"Silvermedalj till Sverige"},"content":{"rendered":"<p>Sverige lag 1 tog silver i <span class=\"removed_link\" title=\"http:\/\/european2019chess-losinj.com\/\">Veteranernas lag-EM<\/span> 65+ som avslutades ig\u00e5r i Kroatien.\u00c2\u00a0 Ryssland var helt \u00f6verl\u00e4gsna. Seger i samtliga nio matcher och fyra matchpo\u00e4ng f\u00f6re Sverige s\u00e4ger allt.<\/p>\n<p><a href=\"http:\/\/chess-results.com\/tnr455202.aspx?lan=6&amp;art=20&amp;turdet=YES&amp;flag=30&amp;snr=14\" target=\"_blank\" rel=\"noopener noreferrer\">Sverige 3<\/a> med de tv\u00e5 nordv\u00e4stsk\u00e5nska spelarna\u00c2\u00a0<strong>Peter Dalling,<\/strong>Engelholms SK och\u00c2\u00a0<strong>Bertil P\u00e5lsson,<\/strong>Skromberga ASS slutade p\u00e5 13:e plats (16 lag deltog).<\/p>\n<p>Jag rekommenderar <a href=\"https:\/\/larsgrahn.blogspot.com\" target=\"_blank\" rel=\"noopener noreferrer\">Lars Grahns blogg<\/a> f\u00f6r utf\u00f6rliga<!--more--> rapporter ifr\u00e5n lag-EM. Lars deltog sj\u00e4lv, han spelade p\u00e5 bord 1 i Sverige 2. Lars \u00e4r en ypperlig schackskribent som \u00e4r allm\u00e4nt k\u00e4nd i schack-Sverige. Det var ingen \u00f6verraskning att\u00c2\u00a0 det har serverats v\u00e4lskrivna reportage \u00e4ven denna g\u00e5ng ifr\u00e5n en veteran t\u00e4vling d\u00e4r Lars har deltagit.<\/p>\n<p>Det som d\u00e4remot \u00f6verraskade undertecknad (jag h\u00f6ll p\u00e5 att s\u00e4tta kaffet i vr\u00e5ngstrupen) var f\u00f6ljande text-snutt ifr\u00e5n <a href=\"https:\/\/larsgrahn.blogspot.com\/2019\/09\/veteranernas-lag-em-rond-9.html\" target=\"_blank\" rel=\"noopener noreferrer\">g\u00e5rdagens rapport<\/a> p\u00e5 bloggen: &#8221;<em>Jag kommer att sakna det h\u00e4r: att \u00f6ppna balkongd\u00f6rren och h\u00f6ra havets rogivande svall. Se pinjetr\u00e4dens vackra tr\u00e4dkronor mot den klarbl\u00e5 himlen. Spela mot storm\u00e4stare och internationella m\u00e4stare n\u00e4stan dagligdags. Gl\u00e4djas \u00e5t&#8230;&#8221;<\/em><\/p>\n<p>Helt otroligt! Herr Grahn brukar annars f\u00e5 genomlida hemska umb\u00e4rande p\u00e5 dessa hotell (vanligtvis vid medelhavet) d\u00e4r veterant\u00e4vlingarna brukar spelas. Om jag minns r\u00e4tt s\u00e5 utn\u00e4mnde Nils-Gustav Renman Lars till ordf\u00f6rande i &#8221;Gn\u00e4llspikarnas F\u00f6rening&#8221; under ett m\u00e4sterskap.<\/p>\n","protected":false},"excerpt":{"rendered":"<p>Sverige lag 1 tog silver i Veteranernas lag-EM 65+ som avslutades ig\u00e5r i Kroatien.\u00c2\u00a0 Ryssland var helt \u00f6verl\u00e4gsna. Seger i samtliga nio matcher och fyra matchpo\u00e4ng f\u00f6re Sverige s\u00e4ger allt. Sverige 3 med de tv\u00e5 nordv\u00e4stsk\u00e5nska spelarna\u00c2\u00a0Peter Dalling,Engelholms SK och\u00c2\u00a0Bertil &hellip; <a href=\"https:\/\/www.nvssf.com\/forbundet\/silvermedalj-till-sverige\/\">Forts\u00e4tt l\u00e4sa <span class=\"meta-nav\">&rarr;<\/span><\/a><\/p>\n","protected":false},"author":2,"featured_media":0,"comment_status":"open","ping_status":"open","sticky":false,"template":"","format":"standard","meta":{"_acf_changed":false,"footnotes":""},"categories":[15],"tags":[46,42],"acf":[],"_links":{"self":[{"href":"https:\/\/www.nvssf.com\/forbundet\/wp-json\/wp\/v2\/posts\/7900"}],"collection":[{"href":"https:\/\/www.nvssf.com\/forbundet\/wp-json\/wp\/v2\/posts"}],"about":[{"href":"https:\/\/www.nvssf.com\/forbundet\/wp-json\/wp\/v2\/types\/post"}],"author":[{"embeddable":true,"href":"https:\/\/www.nvssf.com\/forbundet\/wp-json\/wp\/v2\/users\/2"}],"replies":[{"embeddable":true,"href":"https:\/\/www.nvssf.com\/forbundet\/wp-json\/wp\/v2\/comments?post=7900"}],"version-history":[{"count":1,"href":"https:\/\/www.nvssf.com\/forbundet\/wp-json\/wp\/v2\/posts\/7900\/revisions"}],"predecessor-version":[{"id":10020,"href":"https:\/\/www.nvssf.com\/forbundet\/wp-json\/wp\/v2\/posts\/7900\/revisions\/10020"}],"wp:attachment":[{"href":"https:\/\/www.nvssf.com\/forbundet\/wp-json\/wp\/v2\/media?parent=7900"}],"wp:term":[{"taxonomy":"category","embeddable":true,"href":"https:\/\/www.nvssf.com\/forbundet\/wp-json\/wp\/v2\/categories?post=7900"},{"taxonomy":"post_tag","embeddable":true,"href":"https:\/\/www.nvssf.com\/forbundet\/wp-json\/wp\/v2\/tags?post=7900"}],"curies":[{"name":"wp","href":"https:\/\/api.w.org\/{rel}","templated":true}]}}