{"id":8028,"date":"2019-11-11T17:08:25","date_gmt":"2019-11-11T16:08:25","guid":{"rendered":"http:\/\/www.nvssf.com\/forbundet\/?p=8028"},"modified":"2020-11-05T13:12:56","modified_gmt":"2020-11-05T12:12:56","slug":"lunds-ask-bjuder-in-till-mragel-open-6-8-december","status":"publish","type":"post","link":"https:\/\/www.nvssf.com\/forbundet\/lunds-ask-bjuder-in-till-mragel-open-6-8-december\/","title":{"rendered":"Lunds ASK bjuder in till Mragel Open 6 &#8211; 8 december"},"content":{"rendered":"<p><strong>FORMAT:<\/strong>\u00c2\u00a0 5 ronder FIDE Schweizer. T\u00e4vlingen \u00e4r eloregistrerad.<\/p>\n<h2>SPELSCHEMA<\/h2>\n<p>Fredag Personlig anm\u00e4lan 17.15-17.45<br \/>\nRond 1 18.00-22.00<br \/>\nL\u00f6rdag<br \/>\nRond 2 10.00-14.00<br \/>\nRond 3\u00c2\u00a0 15.15-19.15<br \/>\nS\u00f6ndag<br \/>\nRond 4 10.00-14.00<br \/>\nRond 5 15.15-19.15<\/p>\n<p>Prisutdelning 19.30<\/p>\n<p><strong>BET\u00c4NKETID<\/strong> 90 min + 30 sek\/drag<br \/>\n<strong>F\u00d6RT\u00c4RING<\/strong> Lunch l\u00f6rdag och s\u00f6ndag samt fika (kaffe, te, vatten,<br \/>\nsm\u00f6rg\u00e5sar) ing\u00e5r i startavgiften.<br \/>\n<strong>WEBBANM\u00c4LAN<\/strong> senast 30 november \u00e2\u20ac\u201c d\u00e4refter mottas anm\u00e4lningar i m\u00e5n av<br \/>\nplats. <a href=\"https:\/\/member.schack.se\/turnering\/1879\/anmalan\" target=\"_blank\" rel=\"noopener noreferrer\">https:\/\/member.schack.se\/turnering\/1879\/anmalan<\/a><\/p>\n<p>Mer info i <span class=\"removed_link\" title=\"https:\/\/www.nvssf.com\/forbundet\/wp-content\/uploads\/2019\/11\/Mragel_inbjudan_dec2019.pdf\">inbjudan<\/span>.<\/p>\n","protected":false},"excerpt":{"rendered":"<p>FORMAT:\u00c2\u00a0 5 ronder FIDE Schweizer. T\u00e4vlingen \u00e4r eloregistrerad. SPELSCHEMA Fredag Personlig anm\u00e4lan 17.15-17.45 Rond 1 18.00-22.00 L\u00f6rdag Rond 2 10.00-14.00 Rond 3\u00c2\u00a0 15.15-19.15 S\u00f6ndag Rond 4 10.00-14.00 Rond 5 15.15-19.15 Prisutdelning 19.30 BET\u00c4NKETID 90 min + 30 sek\/drag F\u00d6RT\u00c4RING Lunch &hellip; <a href=\"https:\/\/www.nvssf.com\/forbundet\/lunds-ask-bjuder-in-till-mragel-open-6-8-december\/\">Forts\u00e4tt l\u00e4sa <span class=\"meta-nav\">&rarr;<\/span><\/a><\/p>\n","protected":false},"author":2,"featured_media":0,"comment_status":"open","ping_status":"open","sticky":false,"template":"","format":"standard","meta":{"_acf_changed":false,"footnotes":""},"categories":[14],"tags":[],"acf":[],"_links":{"self":[{"href":"https:\/\/www.nvssf.com\/forbundet\/wp-json\/wp\/v2\/posts\/8028"}],"collection":[{"href":"https:\/\/www.nvssf.com\/forbundet\/wp-json\/wp\/v2\/posts"}],"about":[{"href":"https:\/\/www.nvssf.com\/forbundet\/wp-json\/wp\/v2\/types\/post"}],"author":[{"embeddable":true,"href":"https:\/\/www.nvssf.com\/forbundet\/wp-json\/wp\/v2\/users\/2"}],"replies":[{"embeddable":true,"href":"https:\/\/www.nvssf.com\/forbundet\/wp-json\/wp\/v2\/comments?post=8028"}],"version-history":[{"count":1,"href":"https:\/\/www.nvssf.com\/forbundet\/wp-json\/wp\/v2\/posts\/8028\/revisions"}],"predecessor-version":[{"id":9456,"href":"https:\/\/www.nvssf.com\/forbundet\/wp-json\/wp\/v2\/posts\/8028\/revisions\/9456"}],"wp:attachment":[{"href":"https:\/\/www.nvssf.com\/forbundet\/wp-json\/wp\/v2\/media?parent=8028"}],"wp:term":[{"taxonomy":"category","embeddable":true,"href":"https:\/\/www.nvssf.com\/forbundet\/wp-json\/wp\/v2\/categories?post=8028"},{"taxonomy":"post_tag","embeddable":true,"href":"https:\/\/www.nvssf.com\/forbundet\/wp-json\/wp\/v2\/tags?post=8028"}],"curies":[{"name":"wp","href":"https:\/\/api.w.org\/{rel}","templated":true}]}}