{"id":8049,"date":"2019-11-20T12:48:36","date_gmt":"2019-11-20T11:48:36","guid":{"rendered":"http:\/\/www.nvssf.com\/forbundet\/?p=8049"},"modified":"2019-11-20T12:48:36","modified_gmt":"2019-11-20T11:48:36","slug":"helsingborgs-ask-deltar-i-juniorallsvenskan","status":"publish","type":"post","link":"https:\/\/www.nvssf.com\/forbundet\/helsingborgs-ask-deltar-i-juniorallsvenskan\/","title":{"rendered":"Helsingborgs ASK deltar i Juniorallsvenskan"},"content":{"rendered":"<p><a href=\"https:\/\/www.nvssf.com\/forbundet\/wp-content\/uploads\/2019\/01\/2019haskLogga.jpg\"><img loading=\"lazy\" decoding=\"async\" class=\"alignleft size-full wp-image-7032\" src=\"https:\/\/www.nvssf.com\/forbundet\/wp-content\/uploads\/2019\/01\/2019haskLogga.jpg\" alt=\"\" width=\"90\" height=\"89\" \/><\/a>Den kommande helgen,22-24 november, spelas <a href=\"https:\/\/schack.se\/category\/juniorallsvenskan\/\" target=\"_blank\" rel=\"noopener noreferrer\">Juniorallsvenskan<\/a> i M\u00f6lnlycke utanf\u00f6r G\u00f6teborg.<\/p>\n<p><a href=\"https:\/\/hask.nu\" target=\"_blank\" rel=\"noopener noreferrer\">Helsingborgs ASK<\/a> kommer att delta med ett lag i Division 2. Man b\u00f6r antagligen inte avsl\u00f6ja hela laguppst\u00e4llningen som HASK st\u00e4ller upp med s\u00e5 h\u00e4r i f\u00f6rv\u00e4g men s\u00e5 mycket kan jag avsl\u00f6ja att rankingraketen <a href=\"https:\/\/member.schack.se\/ViewPlayerRatingDiagram?memberid=572376\" target=\"_blank\" rel=\"noopener noreferrer\">Valentin Derdic<\/a> kommer att vara en av komponenterna i laget.<\/p>\n<h3>L\u00e4nkar<\/h3>\n<ul>\n<li><a href=\"https:\/\/www.ssmanhem.se\/Juniorallsv2019\/live.html\" target=\"_blank\" rel=\"noopener noreferrer\">Lives\u00e4ndning<\/a><\/li>\n<li><a href=\"https:\/\/member.schack.se\/ShowTournamentServlet?id=7056\" target=\"_blank\" rel=\"noopener noreferrer\">Resultat<\/a><\/li>\n<\/ul>\n","protected":false},"excerpt":{"rendered":"<p>Den kommande helgen,22-24 november, spelas Juniorallsvenskan i M\u00f6lnlycke utanf\u00f6r G\u00f6teborg. Helsingborgs ASK kommer att delta med ett lag i Division 2. Man b\u00f6r antagligen inte avsl\u00f6ja hela laguppst\u00e4llningen som HASK st\u00e4ller upp med s\u00e5 h\u00e4r i f\u00f6rv\u00e4g men s\u00e5 mycket &hellip; <a href=\"https:\/\/www.nvssf.com\/forbundet\/helsingborgs-ask-deltar-i-juniorallsvenskan\/\">Forts\u00e4tt l\u00e4sa <span class=\"meta-nav\">&rarr;<\/span><\/a><\/p>\n","protected":false},"author":2,"featured_media":0,"comment_status":"open","ping_status":"open","sticky":false,"template":"","format":"standard","meta":{"_acf_changed":false,"footnotes":""},"categories":[9,14],"tags":[41],"acf":[],"_links":{"self":[{"href":"https:\/\/www.nvssf.com\/forbundet\/wp-json\/wp\/v2\/posts\/8049"}],"collection":[{"href":"https:\/\/www.nvssf.com\/forbundet\/wp-json\/wp\/v2\/posts"}],"about":[{"href":"https:\/\/www.nvssf.com\/forbundet\/wp-json\/wp\/v2\/types\/post"}],"author":[{"embeddable":true,"href":"https:\/\/www.nvssf.com\/forbundet\/wp-json\/wp\/v2\/users\/2"}],"replies":[{"embeddable":true,"href":"https:\/\/www.nvssf.com\/forbundet\/wp-json\/wp\/v2\/comments?post=8049"}],"version-history":[{"count":1,"href":"https:\/\/www.nvssf.com\/forbundet\/wp-json\/wp\/v2\/posts\/8049\/revisions"}],"predecessor-version":[{"id":8050,"href":"https:\/\/www.nvssf.com\/forbundet\/wp-json\/wp\/v2\/posts\/8049\/revisions\/8050"}],"wp:attachment":[{"href":"https:\/\/www.nvssf.com\/forbundet\/wp-json\/wp\/v2\/media?parent=8049"}],"wp:term":[{"taxonomy":"category","embeddable":true,"href":"https:\/\/www.nvssf.com\/forbundet\/wp-json\/wp\/v2\/categories?post=8049"},{"taxonomy":"post_tag","embeddable":true,"href":"https:\/\/www.nvssf.com\/forbundet\/wp-json\/wp\/v2\/tags?post=8049"}],"curies":[{"name":"wp","href":"https:\/\/api.w.org\/{rel}","templated":true}]}}