{"id":8219,"date":"2019-12-31T11:42:07","date_gmt":"2019-12-31T10:42:07","guid":{"rendered":"http:\/\/www.nvssf.com\/forbundet\/?p=8219"},"modified":"2019-12-31T11:56:14","modified_gmt":"2019-12-31T10:56:14","slug":"dalling-does-dublin","status":"publish","type":"post","link":"https:\/\/www.nvssf.com\/forbundet\/dalling-does-dublin\/","title":{"rendered":"Dalling Does Dublin"},"content":{"rendered":"<div id=\"attachment_8221\" style=\"width: 223px\" class=\"wp-caption alignleft\"><a href=\"https:\/\/www.nvssf.com\/forbundet\/wp-content\/uploads\/2019\/12\/213px-Joyce_oconnell_dublin.jpg\"><img loading=\"lazy\" decoding=\"async\" aria-describedby=\"caption-attachment-8221\" class=\"size-full wp-image-8221\" src=\"https:\/\/www.nvssf.com\/forbundet\/wp-content\/uploads\/2019\/12\/213px-Joyce_oconnell_dublin.jpg\" alt=\"Staty av James Joyce\" width=\"213\" height=\"600\" srcset=\"https:\/\/www.nvssf.com\/forbundet\/wp-content\/uploads\/2019\/12\/213px-Joyce_oconnell_dublin.jpg 213w, https:\/\/www.nvssf.com\/forbundet\/wp-content\/uploads\/2019\/12\/213px-Joyce_oconnell_dublin-107x300.jpg 107w, https:\/\/www.nvssf.com\/forbundet\/wp-content\/uploads\/2019\/12\/213px-Joyce_oconnell_dublin-53x150.jpg 53w\" sizes=\"(max-width: 213px) 100vw, 213px\" \/><\/a><p id=\"caption-attachment-8221\" class=\"wp-caption-text\">Staty av f\u00f6rfattaren James Joyce som har skildrat Dublin i flera romaner. Foto: Wikimedia commons, Toniher; Marjorie FitzGibbon (the statue) [CC BY-SA 2.5]<\/p><\/div>Peter Dalling (Engelholms SK) kommer att spela en <a href=\"https:\/\/www.icu.ie\/events\/1292\" target=\"_blank\" rel=\"noopener noreferrer\">veteranturnering<\/a> i Dublin med start den 2:a januari. Han \u00e4r inte ende svensk p\u00e5 plats i den Irl\u00e4ndska huvudstaden,Lars Grahn,Bengt Hammar och Bj\u00f6rn Ahlander kommer \u00e4ven att spela med. Lars i samma turnering som Peter, Bj\u00f6rn och Bengt kommer att spela en <a href=\"https:\/\/www.icu.ie\/events\/1275\" target=\"_blank\" rel=\"noopener noreferrer\">IM-turnering<\/a>. Lars har ju \u00e4ven en <a href=\"https:\/\/larsgrahn.blogspot.com\/\" target=\"_blank\" rel=\"noopener noreferrer\">Schackblogg<\/a>,\u00e4ven om han h\u00e4vdar att det inte \u00e4r bara schack p\u00e5 den, s\u00e5 l\u00e4s den under turneringens g\u00e5ng s\u00e5 kommer d\u00e4r s\u00e4kert n\u00e5gra rapporter ifr\u00e5n Dublin.<\/p>\n<p>B\u00e4gge turneringar startar den 2:a januari och p\u00e5g\u00e5r till den 6:e.<\/p>\n","protected":false},"excerpt":{"rendered":"<p>Peter Dalling (Engelholms SK) kommer att spela en veteranturnering i Dublin med start den 2:a januari. Han \u00e4r inte ende svensk p\u00e5 plats i den Irl\u00e4ndska huvudstaden,Lars Grahn,Bengt Hammar och Bj\u00f6rn Ahlander kommer \u00e4ven att spela med. Lars i samma &hellip; <a href=\"https:\/\/www.nvssf.com\/forbundet\/dalling-does-dublin\/\">Forts\u00e4tt l\u00e4sa <span class=\"meta-nav\">&rarr;<\/span><\/a><\/p>\n","protected":false},"author":2,"featured_media":0,"comment_status":"open","ping_status":"open","sticky":false,"template":"","format":"standard","meta":{"_acf_changed":false,"footnotes":""},"categories":[15],"tags":[46],"acf":[],"_links":{"self":[{"href":"https:\/\/www.nvssf.com\/forbundet\/wp-json\/wp\/v2\/posts\/8219"}],"collection":[{"href":"https:\/\/www.nvssf.com\/forbundet\/wp-json\/wp\/v2\/posts"}],"about":[{"href":"https:\/\/www.nvssf.com\/forbundet\/wp-json\/wp\/v2\/types\/post"}],"author":[{"embeddable":true,"href":"https:\/\/www.nvssf.com\/forbundet\/wp-json\/wp\/v2\/users\/2"}],"replies":[{"embeddable":true,"href":"https:\/\/www.nvssf.com\/forbundet\/wp-json\/wp\/v2\/comments?post=8219"}],"version-history":[{"count":1,"href":"https:\/\/www.nvssf.com\/forbundet\/wp-json\/wp\/v2\/posts\/8219\/revisions"}],"predecessor-version":[{"id":8225,"href":"https:\/\/www.nvssf.com\/forbundet\/wp-json\/wp\/v2\/posts\/8219\/revisions\/8225"}],"wp:attachment":[{"href":"https:\/\/www.nvssf.com\/forbundet\/wp-json\/wp\/v2\/media?parent=8219"}],"wp:term":[{"taxonomy":"category","embeddable":true,"href":"https:\/\/www.nvssf.com\/forbundet\/wp-json\/wp\/v2\/categories?post=8219"},{"taxonomy":"post_tag","embeddable":true,"href":"https:\/\/www.nvssf.com\/forbundet\/wp-json\/wp\/v2\/tags?post=8219"}],"curies":[{"name":"wp","href":"https:\/\/api.w.org\/{rel}","templated":true}]}}