{"id":8338,"date":"2020-02-04T13:28:01","date_gmt":"2020-02-04T12:28:01","guid":{"rendered":"http:\/\/www.nvssf.com\/forbundet\/?p=8338"},"modified":"2020-02-11T09:17:24","modified_gmt":"2020-02-11T08:17:24","slug":"kallelse-till-arsmote-i-nordvastra-skanes-schackforbund-2","status":"publish","type":"post","link":"https:\/\/www.nvssf.com\/forbundet\/kallelse-till-arsmote-i-nordvastra-skanes-schackforbund-2\/","title":{"rendered":"Kallelse till \u00e5rsm\u00f6te i Nordv\u00e4stra Sk\u00e5nes Schackf\u00f6rbund"},"content":{"rendered":"<p><a href=\"https:\/\/www.nvssf.com\/forbundet\/wp-content\/uploads\/2014\/03\/NVSSFlogo.jpg\"><img loading=\"lazy\" decoding=\"async\" class=\"aligncenter size-full wp-image-6\" src=\"https:\/\/www.nvssf.com\/forbundet\/wp-content\/uploads\/2014\/03\/NVSSFlogo.jpg\" alt=\"\" width=\"82\" height=\"82\" \/><\/a><strong>Tid: L\u00f6rdagen 28 mars kl 14.00<\/strong><\/p>\n<p><strong>Plats: Min\u00f6rgatan 6 (HASK spellokal)<\/strong><\/p>\n<p>Nordv\u00e4stra Sk\u00e5nes Schackf\u00f6rbunds bjuder in medlemsklubbarna till \u00e5rsm\u00f6te. \u00c5rsm\u00f6tet h\u00e5lls l\u00f6rdagen den 28 mars klockan 14:00 p\u00e5 HASK spellokal, Min\u00f6rgatan 6 Helsingborg. Om ni vill vara representerade p\u00e5 \u00e5rsm\u00f6tet ska detta f\u00f6ranm\u00e4las.<!--more--><br \/>\nEn skolschackklubb ska representeras av skolans rektor eller en anst\u00e4lld fr\u00e5n skolan och skolschackklubbens representant ska ha med sig en fullmakt fr\u00e5n skolans rektor.<br \/>\nEn schackklubb ska representeras av ordf\u00f6rande eller en medlem med en fullmakt fr\u00e5n klubbens ordf\u00f6rande.<br \/>\nR\u00f6stl\u00e4ngden baseras p\u00e5 schackklubbens medlemsantal den 15 februari 2020 i Sveriges schackf\u00f6rbunds register f\u00f6r \u00e5ret 2019.<br \/>\nMotioner och f\u00f6ranm\u00e4lan skickas till eric@hask.nu senast den 15 mars.<\/p>\n<h3>Dagordning<\/h3>\n<p>\u00c2\u00a71. M\u00f6tets \u00f6ppnande<br \/>\n\u00c2\u00a72. Val av m\u00f6tesordf\u00f6rande<br \/>\n\u00c2\u00a73. Val av m\u00f6tessekreterare<br \/>\n\u00c2\u00a74. Val av tv\u00e5 justeringsm\u00e4n att justera \u00e5rsm\u00f6tets protokoll<br \/>\n\u00c2\u00a75. Upprop och fastst\u00e4llande av r\u00f6stl\u00e4ngden<br \/>\n\u00c2\u00a76. Dagordningen godk\u00e4nde<br \/>\n\u00c2\u00a77. \u00c5rsm\u00f6tets beh\u00f6riga utlysande<br \/>\n\u00c2\u00a78. Styrelsens verksamhetsber\u00e4ttelse och ekonomiska ber\u00e4ttelse<br \/>\n\u00c2\u00a79. Revisorernas ber\u00e4ttelse<br \/>\n\u00c2\u00a710. Fr\u00e5gan om ansvarsfrihet<br \/>\n\u00c2\u00a711. Behandling av inkomna motioner och styrelsens f\u00f6rslag<br \/>\n\u00c2\u00a712. Best\u00e4mmande av medlemsavgiften f\u00f6r n\u00e4stkommande \u00e5r<br \/>\n\u00c2\u00a713. Best\u00e4mmande av ers\u00e4ttningar<br \/>\n\u00c2\u00a714. Val av ordf\u00f6rande (avg. Stefan H\u00e5kansson)<br \/>\n\u00c2\u00a715. Val av styrelse (avg. Eric Nordin och Roland Johansson) och suppleant (avg. Mikael Svensson)<br \/>\n\u00c2\u00a716. Val av revisorer (avg. Ted Sandb\u00e4ck och Daniel Johansson) och suppleant (avg. Johan Knutsson)<br \/>\n\u00c2\u00a717. Val av ombud till SSFs kongress<br \/>\n\u00c2\u00a718. Val av valberedning (avg. Johan Knutsson och Viktor Lundberg )<br \/>\n\u00c2\u00a719. \u00d6vriga fr\u00e5gor<br \/>\n\u00c2\u00a720. M\u00f6tets avslutande<\/p>\n<p>V\u00e4lkomna!<br \/>\nStyrelsen i NvSSF den 4 februari 2020.<\/p>\n","protected":false},"excerpt":{"rendered":"<p>Tid: L\u00f6rdagen 28 mars kl 14.00 Plats: Min\u00f6rgatan 6 (HASK spellokal) Nordv\u00e4stra Sk\u00e5nes Schackf\u00f6rbunds bjuder in medlemsklubbarna till \u00e5rsm\u00f6te. \u00c5rsm\u00f6tet h\u00e5lls l\u00f6rdagen den 28 mars klockan 14:00 p\u00e5 HASK spellokal, Min\u00f6rgatan 6 Helsingborg. Om ni vill vara representerade p\u00e5 \u00e5rsm\u00f6tet &hellip; <a href=\"https:\/\/www.nvssf.com\/forbundet\/kallelse-till-arsmote-i-nordvastra-skanes-schackforbund-2\/\">Forts\u00e4tt l\u00e4sa <span class=\"meta-nav\">&rarr;<\/span><\/a><\/p>\n","protected":false},"author":2,"featured_media":0,"comment_status":"open","ping_status":"open","sticky":false,"template":"","format":"standard","meta":{"_acf_changed":false,"footnotes":""},"categories":[104,94],"tags":[],"acf":[],"_links":{"self":[{"href":"https:\/\/www.nvssf.com\/forbundet\/wp-json\/wp\/v2\/posts\/8338"}],"collection":[{"href":"https:\/\/www.nvssf.com\/forbundet\/wp-json\/wp\/v2\/posts"}],"about":[{"href":"https:\/\/www.nvssf.com\/forbundet\/wp-json\/wp\/v2\/types\/post"}],"author":[{"embeddable":true,"href":"https:\/\/www.nvssf.com\/forbundet\/wp-json\/wp\/v2\/users\/2"}],"replies":[{"embeddable":true,"href":"https:\/\/www.nvssf.com\/forbundet\/wp-json\/wp\/v2\/comments?post=8338"}],"version-history":[{"count":1,"href":"https:\/\/www.nvssf.com\/forbundet\/wp-json\/wp\/v2\/posts\/8338\/revisions"}],"predecessor-version":[{"id":8353,"href":"https:\/\/www.nvssf.com\/forbundet\/wp-json\/wp\/v2\/posts\/8338\/revisions\/8353"}],"wp:attachment":[{"href":"https:\/\/www.nvssf.com\/forbundet\/wp-json\/wp\/v2\/media?parent=8338"}],"wp:term":[{"taxonomy":"category","embeddable":true,"href":"https:\/\/www.nvssf.com\/forbundet\/wp-json\/wp\/v2\/categories?post=8338"},{"taxonomy":"post_tag","embeddable":true,"href":"https:\/\/www.nvssf.com\/forbundet\/wp-json\/wp\/v2\/tags?post=8338"}],"curies":[{"name":"wp","href":"https:\/\/api.w.org\/{rel}","templated":true}]}}