{"id":8586,"date":"2020-03-06T11:39:10","date_gmt":"2020-03-06T10:39:10","guid":{"rendered":"http:\/\/www.nvssf.com\/forbundet\/?p=8586"},"modified":"2023-10-11T08:38:37","modified_gmt":"2023-10-11T06:38:37","slug":"world-senior-team-chess-championship-i-prag","status":"publish","type":"post","link":"https:\/\/www.nvssf.com\/forbundet\/world-senior-team-chess-championship-i-prag\/","title":{"rendered":"World Senior Team Chess Championship i Prag"},"content":{"rendered":"<p><a href=\"https:\/\/www.nvssf.com\/forbundet\/wp-content\/uploads\/2020\/03\/WebbworldseniorteamPrag2020logo.png\"><img loading=\"lazy\" decoding=\"async\" class=\"alignleft size-full wp-image-8588\" src=\"https:\/\/www.nvssf.com\/forbundet\/wp-content\/uploads\/2020\/03\/WebbworldseniorteamPrag2020logo.png\" alt=\"\" width=\"221\" height=\"139\" srcset=\"https:\/\/www.nvssf.com\/forbundet\/wp-content\/uploads\/2020\/03\/WebbworldseniorteamPrag2020logo.png 221w, https:\/\/www.nvssf.com\/forbundet\/wp-content\/uploads\/2020\/03\/WebbworldseniorteamPrag2020logo-150x94.png 150w\" sizes=\"(max-width: 221px) 100vw, 221px\" \/><\/a>Idag kl 15.00 startar <span class=\"removed_link\" title=\"http:\/\/www.wstcc2020.net\/\">Lag-VM<\/span> f\u00f6r gamla gubbar i Prag. M\u00e4sterskapet \u00e4r uppdelat i tv\u00e5 olika \u00e5ldersklasser,+50 och +65. Lagen best\u00e5r av fyra spelare. Sverige deltar med fyra lag i +65.<\/p>\n<p>I <a href=\"http:\/\/chess-results.com\/tnr491115.aspx?lan=1&amp;art=34&amp;fed=SWE2&amp;fedb=SWE&amp;turdet=YES&amp;flag=30\" target=\"_blank\" rel=\"noopener noreferrer\">Sverige 2<\/a> hittar vi en nordv\u00e4stsk\u00e5ning. <strong>Peter Dalling<\/strong>,Engelholms SK som deltar flitigt i internationella veterant\u00e4vlingar. S\u00e5 man kanske kan kalla honom en veteran i veterant\u00e4vlingar?<\/p>\n<p><span class=\"removed_link\" title=\"http:\/\/www.wstcc2020.net\/games\/live-coverage\/open-65-live\/http:\/\/www.wstcc2020.nethttp:\/\/www.wstcc2020.net\/games\/live-coverage\/open-65-live\/games\/live-coverage\/open-65-live\/\">Lives\u00e4ndning<\/span> av partier kommer att serveras s\u00e5 det \u00e4r inte om\u00f6jligt att n\u00e5got av Peters partier kommer att visas direkt.<\/p>\n<p>L\u00f6rdagen den 14:e mars avslutas t\u00e4vlingen och d\u00e5 kan vi summera Peters framfart vid br\u00e4det h\u00e4r.<\/p>\n<p>| <a href=\"http:\/\/chess-results.com\/tnr491115.aspx?lan=1&amp;art=32&amp;fedb=SWE&amp;turdet=YES&amp;flag=30\" target=\"_blank\" rel=\"noopener noreferrer\">Resultatsida f\u00f6r Lag-VM<\/a> |<\/p>\n","protected":false},"excerpt":{"rendered":"<p>Idag kl 15.00 startar Lag-VM f\u00f6r gamla gubbar i Prag. M\u00e4sterskapet \u00e4r uppdelat i tv\u00e5 olika \u00e5ldersklasser,+50 och +65. Lagen best\u00e5r av fyra spelare. Sverige deltar med fyra lag i +65. I Sverige 2 hittar vi en nordv\u00e4stsk\u00e5ning. Peter Dalling,Engelholms &hellip; <a href=\"https:\/\/www.nvssf.com\/forbundet\/world-senior-team-chess-championship-i-prag\/\">Forts\u00e4tt l\u00e4sa <span class=\"meta-nav\">&rarr;<\/span><\/a><\/p>\n","protected":false},"author":2,"featured_media":0,"comment_status":"open","ping_status":"open","sticky":false,"template":"","format":"standard","meta":{"_acf_changed":false,"footnotes":""},"categories":[15,107],"tags":[46],"acf":[],"_links":{"self":[{"href":"https:\/\/www.nvssf.com\/forbundet\/wp-json\/wp\/v2\/posts\/8586"}],"collection":[{"href":"https:\/\/www.nvssf.com\/forbundet\/wp-json\/wp\/v2\/posts"}],"about":[{"href":"https:\/\/www.nvssf.com\/forbundet\/wp-json\/wp\/v2\/types\/post"}],"author":[{"embeddable":true,"href":"https:\/\/www.nvssf.com\/forbundet\/wp-json\/wp\/v2\/users\/2"}],"replies":[{"embeddable":true,"href":"https:\/\/www.nvssf.com\/forbundet\/wp-json\/wp\/v2\/comments?post=8586"}],"version-history":[{"count":3,"href":"https:\/\/www.nvssf.com\/forbundet\/wp-json\/wp\/v2\/posts\/8586\/revisions"}],"predecessor-version":[{"id":13507,"href":"https:\/\/www.nvssf.com\/forbundet\/wp-json\/wp\/v2\/posts\/8586\/revisions\/13507"}],"wp:attachment":[{"href":"https:\/\/www.nvssf.com\/forbundet\/wp-json\/wp\/v2\/media?parent=8586"}],"wp:term":[{"taxonomy":"category","embeddable":true,"href":"https:\/\/www.nvssf.com\/forbundet\/wp-json\/wp\/v2\/categories?post=8586"},{"taxonomy":"post_tag","embeddable":true,"href":"https:\/\/www.nvssf.com\/forbundet\/wp-json\/wp\/v2\/tags?post=8586"}],"curies":[{"name":"wp","href":"https:\/\/api.w.org\/{rel}","templated":true}]}}