{"id":8608,"date":"2020-03-13T17:34:21","date_gmt":"2020-03-13T16:34:21","guid":{"rendered":"http:\/\/www.nvssf.com\/forbundet\/?p=8608"},"modified":"2020-03-13T17:34:21","modified_gmt":"2020-03-13T16:34:21","slug":"allsvenskan-installd-pa-sondag","status":"publish","type":"post","link":"https:\/\/www.nvssf.com\/forbundet\/allsvenskan-installd-pa-sondag\/","title":{"rendered":"Allsvenskan inst\u00e4lld p\u00e5 s\u00f6ndag"},"content":{"rendered":"<p><a href=\"https:\/\/www.nvssf.com\/forbundet\/wp-content\/uploads\/2014\/10\/allsvlogo.gif\"><img loading=\"lazy\" decoding=\"async\" class=\"alignleft size-full wp-image-819\" src=\"https:\/\/www.nvssf.com\/forbundet\/wp-content\/uploads\/2014\/10\/allsvlogo.gif\" alt=\"Allsvensk logo\" width=\"80\" height=\"80\" \/><\/a>Sveriges Schackf\u00f6rbunds T\u00e4vlingskommitt\u00c3\u00a9 beslutade under fredagen att allt Allsvenskt spel p\u00e5 S\u00f6ndag \u00e4r inst\u00e4llt p\u00e5 grund av coronaviruset. L\u00e4s mer Sverige Schackf\u00f6rbunds <a href=\"https:\/\/schack.se\/nyhet\/sverige\/2020\/03\/allt-allsvenskt-spel-i-helgen-ar-installt\/\" target=\"_blank\" rel=\"noopener noreferrer\">hemsida<\/a>.<\/p>\n","protected":false},"excerpt":{"rendered":"<p>Sveriges Schackf\u00f6rbunds T\u00e4vlingskommitt\u00c3\u00a9 beslutade under fredagen att allt Allsvenskt spel p\u00e5 S\u00f6ndag \u00e4r inst\u00e4llt p\u00e5 grund av coronaviruset. L\u00e4s mer Sverige Schackf\u00f6rbunds hemsida.<\/p>\n","protected":false},"author":2,"featured_media":0,"comment_status":"open","ping_status":"open","sticky":false,"template":"","format":"standard","meta":{"_acf_changed":false,"footnotes":""},"categories":[11,13],"tags":[],"acf":[],"_links":{"self":[{"href":"https:\/\/www.nvssf.com\/forbundet\/wp-json\/wp\/v2\/posts\/8608"}],"collection":[{"href":"https:\/\/www.nvssf.com\/forbundet\/wp-json\/wp\/v2\/posts"}],"about":[{"href":"https:\/\/www.nvssf.com\/forbundet\/wp-json\/wp\/v2\/types\/post"}],"author":[{"embeddable":true,"href":"https:\/\/www.nvssf.com\/forbundet\/wp-json\/wp\/v2\/users\/2"}],"replies":[{"embeddable":true,"href":"https:\/\/www.nvssf.com\/forbundet\/wp-json\/wp\/v2\/comments?post=8608"}],"version-history":[{"count":1,"href":"https:\/\/www.nvssf.com\/forbundet\/wp-json\/wp\/v2\/posts\/8608\/revisions"}],"predecessor-version":[{"id":8609,"href":"https:\/\/www.nvssf.com\/forbundet\/wp-json\/wp\/v2\/posts\/8608\/revisions\/8609"}],"wp:attachment":[{"href":"https:\/\/www.nvssf.com\/forbundet\/wp-json\/wp\/v2\/media?parent=8608"}],"wp:term":[{"taxonomy":"category","embeddable":true,"href":"https:\/\/www.nvssf.com\/forbundet\/wp-json\/wp\/v2\/categories?post=8608"},{"taxonomy":"post_tag","embeddable":true,"href":"https:\/\/www.nvssf.com\/forbundet\/wp-json\/wp\/v2\/tags?post=8608"}],"curies":[{"name":"wp","href":"https:\/\/api.w.org\/{rel}","templated":true}]}}