{"id":8616,"date":"2020-03-16T13:52:17","date_gmt":"2020-03-16T12:52:17","guid":{"rendered":"http:\/\/www.nvssf.com\/forbundet\/?p=8616"},"modified":"2022-01-30T11:52:36","modified_gmt":"2022-01-30T10:52:36","slug":"allsvenska-sammandraget-uppskjutet","status":"publish","type":"post","link":"https:\/\/www.nvssf.com\/forbundet\/allsvenska-sammandraget-uppskjutet\/","title":{"rendered":"Allsvenska sammandraget uppskjutet"},"content":{"rendered":"<p><span class=\"removed_link\" title=\"https:\/\/www.nvssf.com\/forbundet\/wp-content\/uploads\/2016\/05\/ssf_small.gif\"><\/span>Som v\u00e4ntat beslutade Sveriges Schackf\u00f6rbunds T\u00e4vlingskommitt\u00c3\u00a9\u00c2\u00a0 idag att sammandraget i V\u00e4xj\u00f6 27-29 mars skjuts upp. Samtidigt tog man beslutet att Snabbschacks-SM f\u00f6r barn st\u00e4lls in. Den t\u00e4vlingen skulle ha spelats den 22 mars i Stockholm.<\/p>\n<p>H\u00e5kan Jalling,t\u00e4vlingskommitt\u00c3\u00a9ns ordf\u00f6rande s\u00e4ger f\u00f6ljande p\u00e5 <a href=\"https:\/\/schack.se\/nyhet\/sverige\/2020\/03\/snabbschacks-sm-for-barn-stalls-in-och-allsvenska-sammandraget-skjuts-upp\/\" target=\"_blank\" rel=\"noopener noreferrer\">schack.se<\/a>:<\/p>\n<blockquote><p>\u00e2\u20ac\u201c Snabbschacks-SM f\u00f6r knattar och miniorer som skulle ha spelats i Stockholm den 21 mars st\u00e4lls in, p\u00e5 grund av risker f\u00f6r spridning av coronavirus. T\u00e4vlingen kommer inte att spelas vid ett senare tillf\u00e4lle. Alla startavgifter \u00e5terbetalas och information om detta skickas ut med e-post till alla deltagare.<\/p>\n<p>\u00e2\u20ac\u201c Sammandraget i Elitserien och Superettan, som skulle ha h\u00e5llits i V\u00e4xj\u00f6 27-29 mars, \u00e4r uppskjutet av samma orsak. Inget allsvenskt spel kommer att genomf\u00f6ras under mars och april m\u00e5nad. Vi hoppas kunna genomf\u00f6ra s\u00e5v\u00e4l sammandraget som de \u00e5terst\u00e5ende matcherna i \u00f6vriga serier. Beslut om och n\u00e4r detta ska ske kommer att fattas senast i slutet av april.<\/p>\n<p>Vi beklagar f\u00f6rst\u00e5s detta men ser ingen m\u00f6jlighet att genomf\u00f6ra n\u00e5got av dessa arrangemang under r\u00e5dande omst\u00e4ndigheter.<\/p>\n<p>H\u00e5kan Jalling, Sveriges Schackf\u00f6rbunds t\u00e4vlings- och regelkommitt\u00c3\u00a9.<\/p><\/blockquote>\n","protected":false},"excerpt":{"rendered":"<p>Som v\u00e4ntat beslutade Sveriges Schackf\u00f6rbunds T\u00e4vlingskommitt\u00c3\u00a9\u00c2\u00a0 idag att sammandraget i V\u00e4xj\u00f6 27-29 mars skjuts upp. Samtidigt tog man beslutet att Snabbschacks-SM f\u00f6r barn st\u00e4lls in. Den t\u00e4vlingen skulle ha spelats den 22 mars i Stockholm. H\u00e5kan Jalling,t\u00e4vlingskommitt\u00c3\u00a9ns ordf\u00f6rande s\u00e4ger f\u00f6ljande &hellip; <a href=\"https:\/\/www.nvssf.com\/forbundet\/allsvenska-sammandraget-uppskjutet\/\">Forts\u00e4tt l\u00e4sa <span class=\"meta-nav\">&rarr;<\/span><\/a><\/p>\n","protected":false},"author":2,"featured_media":0,"comment_status":"open","ping_status":"open","sticky":false,"template":"","format":"standard","meta":{"_acf_changed":false,"footnotes":""},"categories":[11,14],"tags":[],"acf":[],"_links":{"self":[{"href":"https:\/\/www.nvssf.com\/forbundet\/wp-json\/wp\/v2\/posts\/8616"}],"collection":[{"href":"https:\/\/www.nvssf.com\/forbundet\/wp-json\/wp\/v2\/posts"}],"about":[{"href":"https:\/\/www.nvssf.com\/forbundet\/wp-json\/wp\/v2\/types\/post"}],"author":[{"embeddable":true,"href":"https:\/\/www.nvssf.com\/forbundet\/wp-json\/wp\/v2\/users\/2"}],"replies":[{"embeddable":true,"href":"https:\/\/www.nvssf.com\/forbundet\/wp-json\/wp\/v2\/comments?post=8616"}],"version-history":[{"count":1,"href":"https:\/\/www.nvssf.com\/forbundet\/wp-json\/wp\/v2\/posts\/8616\/revisions"}],"predecessor-version":[{"id":10833,"href":"https:\/\/www.nvssf.com\/forbundet\/wp-json\/wp\/v2\/posts\/8616\/revisions\/10833"}],"wp:attachment":[{"href":"https:\/\/www.nvssf.com\/forbundet\/wp-json\/wp\/v2\/media?parent=8616"}],"wp:term":[{"taxonomy":"category","embeddable":true,"href":"https:\/\/www.nvssf.com\/forbundet\/wp-json\/wp\/v2\/categories?post=8616"},{"taxonomy":"post_tag","embeddable":true,"href":"https:\/\/www.nvssf.com\/forbundet\/wp-json\/wp\/v2\/tags?post=8616"}],"curies":[{"name":"wp","href":"https:\/\/api.w.org\/{rel}","templated":true}]}}