{"id":8647,"date":"2020-03-24T09:09:10","date_gmt":"2020-03-24T08:09:10","guid":{"rendered":"http:\/\/www.nvssf.com\/forbundet\/?p=8647"},"modified":"2020-03-24T11:05:04","modified_gmt":"2020-03-24T10:05:04","slug":"hemmaspelare-med-i-sverigemastarklassen-i-sommar","status":"publish","type":"post","link":"https:\/\/www.nvssf.com\/forbundet\/hemmaspelare-med-i-sverigemastarklassen-i-sommar\/","title":{"rendered":"Hemmaspelare med i Sverigem\u00e4starklassen i sommar"},"content":{"rendered":"<p>Deltagarna i sommarens <a href=\"https:\/\/schack.se\/nyhet\/sverige\/schack-sm\/2020\/03\/de-spelar-i-sverigemastarklassen-i-schack-sm\/\" target=\"_blank\" rel=\"noopener noreferrer\">Sverigem\u00e4starklass<\/a> i Helsingborg offentliggjordes idag. Bland de tio i startf\u00e4lten finns det gl\u00e4djande nog en lokal spelare; Daniel Semcesen som representerar <a href=\"https:\/\/hask.nu\/\" target=\"_blank\" rel=\"noopener noreferrer\">Helsingborgs ASK<\/a>. L\u00e5t oss hoppas att Daniel kan ansluta sig till duon Bengt H\u00f6rberg &amp; Stellan Brynell den 5 juli n\u00e4r de sista dragen har dragits. <em>(D\u00e4r har ni n\u00e5got och t\u00e4nka p\u00e5. Skicka en kommentar till detta inl\u00e4gget n\u00e4r ni fattat galoppen.)<\/em><\/p>\n<div id=\"attachment_8649\" style=\"width: 238px\" class=\"wp-caption alignleft\"><a href=\"https:\/\/www.nvssf.com\/forbundet\/wp-content\/uploads\/2020\/03\/GM_Daniel_Semcesen.jpg\"><img loading=\"lazy\" decoding=\"async\" aria-describedby=\"caption-attachment-8649\" class=\"size-medium wp-image-8649\" src=\"https:\/\/www.nvssf.com\/forbundet\/wp-content\/uploads\/2020\/03\/GM_Daniel_Semcesen-228x300.jpg\" alt=\"\" width=\"228\" height=\"300\" srcset=\"https:\/\/www.nvssf.com\/forbundet\/wp-content\/uploads\/2020\/03\/GM_Daniel_Semcesen-228x300.jpg 228w, https:\/\/www.nvssf.com\/forbundet\/wp-content\/uploads\/2020\/03\/GM_Daniel_Semcesen-778x1024.jpg 778w, https:\/\/www.nvssf.com\/forbundet\/wp-content\/uploads\/2020\/03\/GM_Daniel_Semcesen-114x150.jpg 114w, https:\/\/www.nvssf.com\/forbundet\/wp-content\/uploads\/2020\/03\/GM_Daniel_Semcesen-768x1011.jpg 768w, https:\/\/www.nvssf.com\/forbundet\/wp-content\/uploads\/2020\/03\/GM_Daniel_Semcesen-1166x1536.jpg 1166w, https:\/\/www.nvssf.com\/forbundet\/wp-content\/uploads\/2020\/03\/GM_Daniel_Semcesen.jpg 1215w\" sizes=\"(max-width: 228px) 100vw, 228px\" \/><\/a><p id=\"caption-attachment-8649\" class=\"wp-caption-text\">Daniel Semcesen,Helsingborgs ASK Foto: Lars OA Hedlund<\/p><\/div>\n<h3>Deltagararna Sverigem\u00e4starklassen<\/h3>\n<table>\n<tbody>\n<tr>\n<td>1<\/td>\n<td>GM Axel Smith<\/td>\n<td>Lunds ASK<\/td>\n<td>2448<\/td>\n<\/tr>\n<tr>\n<td>2<\/td>\n<td>GM Daniel Semcesen<\/td>\n<td>Helsingborgs ASK<\/td>\n<td>2477<\/td>\n<\/tr>\n<tr>\n<td>3<\/td>\n<td>GM Jonny Hector<\/td>\n<td>Limhamns SK<\/td>\n<td>2481<\/td>\n<\/tr>\n<tr>\n<td>4<\/td>\n<td>IM Michael Wiedenkeller<\/td>\n<td>SK Rockaden, Sthlm<\/td>\n<td>2452<\/td>\n<\/tr>\n<tr>\n<td>5<\/td>\n<td>GM Erik Blomqvist<\/td>\n<td>SK Rockaden, Sthlm<\/td>\n<td>2536<\/td>\n<\/tr>\n<tr>\n<td>6<\/td>\n<td>GM Pontus Carlsson<\/td>\n<td>Premium Chess Club<\/td>\n<td>2473<\/td>\n<\/tr>\n<tr>\n<td>7<\/td>\n<td>GM Tiger Hillarp Persson<\/td>\n<td>Lunds ASK<\/td>\n<td>2536<\/td>\n<\/tr>\n<tr>\n<td>8<\/td>\n<td>GM Pia Cramling<\/td>\n<td>Wasa SK<\/td>\n<td>2475<\/td>\n<\/tr>\n<tr>\n<td>9<\/td>\n<td>FM Isak Storme<\/td>\n<td>SS Manhem<\/td>\n<td>2335<\/td>\n<\/tr>\n<tr>\n<td>10<\/td>\n<td>FM Jung Min Seo<\/td>\n<td>Stockholms SS<\/td>\n<td>2448<\/td>\n<\/tr>\n<\/tbody>\n<\/table>\n<p>&nbsp;<\/p>\n","protected":false},"excerpt":{"rendered":"<p>Deltagarna i sommarens Sverigem\u00e4starklass i Helsingborg offentliggjordes idag. Bland de tio i startf\u00e4lten finns det gl\u00e4djande nog en lokal spelare; Daniel Semcesen som representerar Helsingborgs ASK. L\u00e5t oss hoppas att Daniel kan ansluta sig till duon Bengt H\u00f6rberg &amp; Stellan &hellip; <a href=\"https:\/\/www.nvssf.com\/forbundet\/hemmaspelare-med-i-sverigemastarklassen-i-sommar\/\">Forts\u00e4tt l\u00e4sa <span class=\"meta-nav\">&rarr;<\/span><\/a><\/p>\n","protected":false},"author":2,"featured_media":0,"comment_status":"open","ping_status":"open","sticky":false,"template":"","format":"standard","meta":{"_acf_changed":false,"footnotes":""},"categories":[14,16],"tags":[],"acf":[],"_links":{"self":[{"href":"https:\/\/www.nvssf.com\/forbundet\/wp-json\/wp\/v2\/posts\/8647"}],"collection":[{"href":"https:\/\/www.nvssf.com\/forbundet\/wp-json\/wp\/v2\/posts"}],"about":[{"href":"https:\/\/www.nvssf.com\/forbundet\/wp-json\/wp\/v2\/types\/post"}],"author":[{"embeddable":true,"href":"https:\/\/www.nvssf.com\/forbundet\/wp-json\/wp\/v2\/users\/2"}],"replies":[{"embeddable":true,"href":"https:\/\/www.nvssf.com\/forbundet\/wp-json\/wp\/v2\/comments?post=8647"}],"version-history":[{"count":1,"href":"https:\/\/www.nvssf.com\/forbundet\/wp-json\/wp\/v2\/posts\/8647\/revisions"}],"predecessor-version":[{"id":8658,"href":"https:\/\/www.nvssf.com\/forbundet\/wp-json\/wp\/v2\/posts\/8647\/revisions\/8658"}],"wp:attachment":[{"href":"https:\/\/www.nvssf.com\/forbundet\/wp-json\/wp\/v2\/media?parent=8647"}],"wp:term":[{"taxonomy":"category","embeddable":true,"href":"https:\/\/www.nvssf.com\/forbundet\/wp-json\/wp\/v2\/categories?post=8647"},{"taxonomy":"post_tag","embeddable":true,"href":"https:\/\/www.nvssf.com\/forbundet\/wp-json\/wp\/v2\/tags?post=8647"}],"curies":[{"name":"wp","href":"https:\/\/api.w.org\/{rel}","templated":true}]}}