{"id":8663,"date":"2020-03-28T15:18:10","date_gmt":"2020-03-28T14:18:10","guid":{"rendered":"http:\/\/www.nvssf.com\/forbundet\/?p=8663"},"modified":"2020-03-28T15:20:31","modified_gmt":"2020-03-28T14:20:31","slug":"blixtavslutningen-senarelaggs","status":"publish","type":"post","link":"https:\/\/www.nvssf.com\/forbundet\/blixtavslutningen-senarelaggs\/","title":{"rendered":"Blixtavslutningen senarel\u00e4ggs"},"content":{"rendered":"<p><a href=\"https:\/\/www.nvssf.com\/forbundet\/wp-content\/uploads\/2014\/03\/NVSSFlogo.jpg\"><img loading=\"lazy\" decoding=\"async\" class=\"aligncenter size-full wp-image-6\" src=\"https:\/\/www.nvssf.com\/forbundet\/wp-content\/uploads\/2014\/03\/NVSSFlogo.jpg\" alt=\"\" width=\"82\" height=\"82\" \/><\/a>Blixtavslutningen den 10:e maj i Klippan st\u00e4lls in. T\u00e4vlingen kommer att spelas vid ett senare tillf\u00e4lle.<\/p>\n","protected":false},"excerpt":{"rendered":"<p>Blixtavslutningen den 10:e maj i Klippan st\u00e4lls in. T\u00e4vlingen kommer att spelas vid ett senare tillf\u00e4lle.<\/p>\n","protected":false},"author":2,"featured_media":0,"comment_status":"open","ping_status":"open","sticky":false,"template":"","format":"standard","meta":{"_acf_changed":false,"footnotes":""},"categories":[13],"tags":[],"acf":[],"_links":{"self":[{"href":"https:\/\/www.nvssf.com\/forbundet\/wp-json\/wp\/v2\/posts\/8663"}],"collection":[{"href":"https:\/\/www.nvssf.com\/forbundet\/wp-json\/wp\/v2\/posts"}],"about":[{"href":"https:\/\/www.nvssf.com\/forbundet\/wp-json\/wp\/v2\/types\/post"}],"author":[{"embeddable":true,"href":"https:\/\/www.nvssf.com\/forbundet\/wp-json\/wp\/v2\/users\/2"}],"replies":[{"embeddable":true,"href":"https:\/\/www.nvssf.com\/forbundet\/wp-json\/wp\/v2\/comments?post=8663"}],"version-history":[{"count":1,"href":"https:\/\/www.nvssf.com\/forbundet\/wp-json\/wp\/v2\/posts\/8663\/revisions"}],"predecessor-version":[{"id":8665,"href":"https:\/\/www.nvssf.com\/forbundet\/wp-json\/wp\/v2\/posts\/8663\/revisions\/8665"}],"wp:attachment":[{"href":"https:\/\/www.nvssf.com\/forbundet\/wp-json\/wp\/v2\/media?parent=8663"}],"wp:term":[{"taxonomy":"category","embeddable":true,"href":"https:\/\/www.nvssf.com\/forbundet\/wp-json\/wp\/v2\/categories?post=8663"},{"taxonomy":"post_tag","embeddable":true,"href":"https:\/\/www.nvssf.com\/forbundet\/wp-json\/wp\/v2\/tags?post=8663"}],"curies":[{"name":"wp","href":"https:\/\/api.w.org\/{rel}","templated":true}]}}