{"id":8727,"date":"2020-04-20T12:12:12","date_gmt":"2020-04-20T10:12:12","guid":{"rendered":"http:\/\/www.nvssf.com\/forbundet\/?p=8727"},"modified":"2022-01-30T11:52:36","modified_gmt":"2022-01-30T10:52:36","slug":"sm-i-helsingborg-installt","status":"publish","type":"post","link":"https:\/\/www.nvssf.com\/forbundet\/sm-i-helsingborg-installt\/","title":{"rendered":"SM i Helsingborg inst\u00e4llt"},"content":{"rendered":"<p><span class=\"removed_link\" title=\"https:\/\/www.nvssf.com\/forbundet\/wp-content\/uploads\/2016\/05\/ssf_small.gif\"><\/span><\/p>\n<p>S\u00e5 kom det befarade beskedet ifr\u00e5n Sveriges Schackf\u00f6rbunds T\u00e4vlingskommitt\u00c3\u00a9; SM \u00e4r inst\u00e4llt. T\u00e4vlingarna skulle ha spelats 26 juni &#8211; 5 juli p\u00e5 Helsingborgs Arena. En god nyhet \u00e4r dock att <strong>SM 2021<\/strong> spelas i Helsingborg p\u00e5 Helsingborgs Arena <strong>2 &#8211; 11 juli<\/strong>.<\/p>\n<p>T\u00e4vlingskommitt\u00c3\u00a9ns ordf\u00f6rande H\u00e5kan Jalling har skickat ut f\u00f6ljande pressmeddelande:<\/p>\n<blockquote>\n<p style=\"font-weight: 400;\">Sveriges Schackf\u00f6rbunds t\u00e4vlings- och regelkommitt\u00c3\u00a9 har beslutat att \u00e5rets Schack-SM, som skulle ha avgjorts i Helsingborg Arena 26 juni \u00e2\u20ac\u201c 5 juli, inte kommer att spelas. Orsaken \u00e4r Coronavirusets fortsatta spridning samt de rekommendationer och regler som myndigheter och regering l\u00e4mnat och beslutat. Kommitt\u00c3\u00a9n bed\u00f6mer det inte som rimligt att tro att situationen kommer att f\u00f6r\u00e4ndras s\u00e5 mycket att arrangemanget kan genomf\u00f6ras.<\/p>\n<p style=\"font-weight: 400;\">\n<ul style=\"font-weight: 400;\">\n<li>Vi vill l\u00e4mna detta besked redan nu eftersom de som bokat hotell, stugor eller annat boende skall kunna boka av utan kostnader och dessutom kunna planera om f\u00f6r sin sommar utan schack-SM, s\u00e4ger H\u00e5kan Jalling, ordf\u00f6rande i T\u00e4vlings- och regelkommitt\u00c3\u00a9n. \u00e2\u20ac\u201c Vi har fattat ett antal v\u00e4ldigt tunga beslut nu p\u00e5 kort tid, men detta \u00e4r nog det tyngsta. Senast vi hade ett \u00e5r utan SM var krigs\u00e5ret 1940, s\u00e4ger Jalling.<\/li>\n<\/ul>\n<p style=\"font-weight: 400;\">\n<ul style=\"font-weight: 400;\">\n<li>D\u00e4remot \u00e4r vi v\u00e4ldigt glada att vi kunnat g\u00f6ra klart med Helsingborg Arena om att arrangera SM d\u00e4r 2021, med speldatum 2 \u00e2\u20ac\u201c 11 juli, forts\u00e4tter H\u00e5kan Jalling. Vi har f\u00e5tt ett mycket engagerat mottagande fr\u00e5n Helsingborg fr\u00e5n dag 1 och \u00e4r \u00f6vertygande om att SM 2021 kommer att bli ett omtyckt evenemang f\u00f6r alla schackintresserade.<\/li>\n<\/ul>\n<p style=\"font-weight: 400;\">\n2020 \u00e5rs kongress, som skulle ha h\u00e5llits den 28 juni i anslutning till SM-t\u00e4vlingarna kommer inte heller att genomf\u00f6ras i Helsingborg som planerat. SSF:s styrelse \u00e5terkommer under april med besked om tid och plats.<\/p>\n<\/blockquote>\n<p>F\u00f6lj utvecklingen i detta \u00e4mne p\u00e5 Sveriges Schackf\u00f6rbunds <a href=\"https:\/\/schack.se\/\" target=\"_blank\" rel=\"noopener noreferrer\">hemsida<\/a>.<\/p>\n","protected":false},"excerpt":{"rendered":"<p>S\u00e5 kom det befarade beskedet ifr\u00e5n Sveriges Schackf\u00f6rbunds T\u00e4vlingskommitt\u00c3\u00a9; SM \u00e4r inst\u00e4llt. T\u00e4vlingarna skulle ha spelats 26 juni &#8211; 5 juli p\u00e5 Helsingborgs Arena. En god nyhet \u00e4r dock att SM 2021 spelas i Helsingborg p\u00e5 Helsingborgs Arena 2 &#8211; &hellip; <a href=\"https:\/\/www.nvssf.com\/forbundet\/sm-i-helsingborg-installt\/\">Forts\u00e4tt l\u00e4sa <span class=\"meta-nav\">&rarr;<\/span><\/a><\/p>\n","protected":false},"author":2,"featured_media":0,"comment_status":"open","ping_status":"open","sticky":false,"template":"","format":"standard","meta":{"_acf_changed":false,"footnotes":""},"categories":[13],"tags":[],"acf":[],"_links":{"self":[{"href":"https:\/\/www.nvssf.com\/forbundet\/wp-json\/wp\/v2\/posts\/8727"}],"collection":[{"href":"https:\/\/www.nvssf.com\/forbundet\/wp-json\/wp\/v2\/posts"}],"about":[{"href":"https:\/\/www.nvssf.com\/forbundet\/wp-json\/wp\/v2\/types\/post"}],"author":[{"embeddable":true,"href":"https:\/\/www.nvssf.com\/forbundet\/wp-json\/wp\/v2\/users\/2"}],"replies":[{"embeddable":true,"href":"https:\/\/www.nvssf.com\/forbundet\/wp-json\/wp\/v2\/comments?post=8727"}],"version-history":[{"count":1,"href":"https:\/\/www.nvssf.com\/forbundet\/wp-json\/wp\/v2\/posts\/8727\/revisions"}],"predecessor-version":[{"id":10837,"href":"https:\/\/www.nvssf.com\/forbundet\/wp-json\/wp\/v2\/posts\/8727\/revisions\/10837"}],"wp:attachment":[{"href":"https:\/\/www.nvssf.com\/forbundet\/wp-json\/wp\/v2\/media?parent=8727"}],"wp:term":[{"taxonomy":"category","embeddable":true,"href":"https:\/\/www.nvssf.com\/forbundet\/wp-json\/wp\/v2\/categories?post=8727"},{"taxonomy":"post_tag","embeddable":true,"href":"https:\/\/www.nvssf.com\/forbundet\/wp-json\/wp\/v2\/tags?post=8727"}],"curies":[{"name":"wp","href":"https:\/\/api.w.org\/{rel}","templated":true}]}}