{"id":8898,"date":"2020-06-03T10:15:10","date_gmt":"2020-06-03T08:15:10","guid":{"rendered":"http:\/\/www.nvssf.com\/forbundet\/?p=8898"},"modified":"2020-06-03T10:15:10","modified_gmt":"2020-06-03T08:15:10","slug":"skanes-sf-ungdoms-gp","status":"publish","type":"post","link":"https:\/\/www.nvssf.com\/forbundet\/skanes-sf-ungdoms-gp\/","title":{"rendered":"Sk\u00e5nes SF ungdoms GP"},"content":{"rendered":"<p>Finalen av Sk\u00e5nes SF ungdoms Grand Prix skulle ha spelats 30-31 maj men blev inst\u00e4lld av samma sk\u00e4l som en m\u00e4ngd andra turneringar i \u00e5r, COVID-19. D\u00e4rmed g\u00e4ller nuvarande st\u00e4llning som <a href=\"http:\/\/skaneschack.se\/wp-content\/uploads\/2020\/02\/GP1920mask%C3%A5l.xlsx\" target=\"_blank\" rel=\"noopener noreferrer\">slutresultat<\/a>.<\/p>\n<p>Helsingborgs ASK hade deltagare med i flera av delt\u00e4vlingarna. B\u00e4st gick det f\u00f6r <strong>Samuel Larsson<\/strong> och <strong>Emil Duus<\/strong> i kadett-klassen (f\u00f6dda 2003-2006). De b\u00e5da hamnade n\u00e4mligen \u00f6verst i sluttabellen med Samuel som 1:a.<\/p>\n","protected":false},"excerpt":{"rendered":"<p>Finalen av Sk\u00e5nes SF ungdoms Grand Prix skulle ha spelats 30-31 maj men blev inst\u00e4lld av samma sk\u00e4l som en m\u00e4ngd andra turneringar i \u00e5r, COVID-19. D\u00e4rmed g\u00e4ller nuvarande st\u00e4llning som slutresultat. Helsingborgs ASK hade deltagare med i flera av &hellip; <a href=\"https:\/\/www.nvssf.com\/forbundet\/skanes-sf-ungdoms-gp\/\">Forts\u00e4tt l\u00e4sa <span class=\"meta-nav\">&rarr;<\/span><\/a><\/p>\n","protected":false},"author":2,"featured_media":0,"comment_status":"open","ping_status":"open","sticky":false,"template":"","format":"standard","meta":{"_acf_changed":false,"footnotes":""},"categories":[6,9,14],"tags":[41,64],"acf":[],"_links":{"self":[{"href":"https:\/\/www.nvssf.com\/forbundet\/wp-json\/wp\/v2\/posts\/8898"}],"collection":[{"href":"https:\/\/www.nvssf.com\/forbundet\/wp-json\/wp\/v2\/posts"}],"about":[{"href":"https:\/\/www.nvssf.com\/forbundet\/wp-json\/wp\/v2\/types\/post"}],"author":[{"embeddable":true,"href":"https:\/\/www.nvssf.com\/forbundet\/wp-json\/wp\/v2\/users\/2"}],"replies":[{"embeddable":true,"href":"https:\/\/www.nvssf.com\/forbundet\/wp-json\/wp\/v2\/comments?post=8898"}],"version-history":[{"count":1,"href":"https:\/\/www.nvssf.com\/forbundet\/wp-json\/wp\/v2\/posts\/8898\/revisions"}],"predecessor-version":[{"id":8899,"href":"https:\/\/www.nvssf.com\/forbundet\/wp-json\/wp\/v2\/posts\/8898\/revisions\/8899"}],"wp:attachment":[{"href":"https:\/\/www.nvssf.com\/forbundet\/wp-json\/wp\/v2\/media?parent=8898"}],"wp:term":[{"taxonomy":"category","embeddable":true,"href":"https:\/\/www.nvssf.com\/forbundet\/wp-json\/wp\/v2\/categories?post=8898"},{"taxonomy":"post_tag","embeddable":true,"href":"https:\/\/www.nvssf.com\/forbundet\/wp-json\/wp\/v2\/tags?post=8898"}],"curies":[{"name":"wp","href":"https:\/\/api.w.org\/{rel}","templated":true}]}}