{"id":8933,"date":"2020-06-12T06:13:28","date_gmt":"2020-06-12T04:13:28","guid":{"rendered":"http:\/\/www.nvssf.com\/forbundet\/?p=8933"},"modified":"2020-06-12T06:14:57","modified_gmt":"2020-06-12T04:14:57","slug":"samarbetsavtal-med-skanedistrikten-och-sveriges-schackforbund","status":"publish","type":"post","link":"https:\/\/www.nvssf.com\/forbundet\/samarbetsavtal-med-skanedistrikten-och-sveriges-schackforbund\/","title":{"rendered":"Samarbetsavtal med Sk\u00e5nedistrikten och Sveriges Schackf\u00f6rbund"},"content":{"rendered":"<p>Sk\u00e5nedistrikten och Sveriges Schackf\u00f6rbund inleder ett samarbete den kommande s\u00e4songen. Samarbetet inneb\u00e4r att <a href=\"https:\/\/hask.nu\/\">Helsingborgs ASK<\/a> tar \u00f6ver ansvaret f\u00f6r skolschacket i regionen. L\u00e4s mer p\u00e5 Sveriges Schackf\u00f6rbunds <a href=\"https:\/\/schack.se\/nyhet\/forbundsnytt\/2020\/06\/nytt-samarbetsavtal-med-skanedistrikten\/\" target=\"_blank\" rel=\"noopener noreferrer\">hemsida<\/a>.<\/p>\n","protected":false},"excerpt":{"rendered":"<p>Sk\u00e5nedistrikten och Sveriges Schackf\u00f6rbund inleder ett samarbete den kommande s\u00e4songen. Samarbetet inneb\u00e4r att Helsingborgs ASK tar \u00f6ver ansvaret f\u00f6r skolschacket i regionen. L\u00e4s mer p\u00e5 Sveriges Schackf\u00f6rbunds hemsida.<\/p>\n","protected":false},"author":2,"featured_media":0,"comment_status":"open","ping_status":"open","sticky":false,"template":"","format":"standard","meta":{"_acf_changed":false,"footnotes":""},"categories":[13,70],"tags":[41],"acf":[],"_links":{"self":[{"href":"https:\/\/www.nvssf.com\/forbundet\/wp-json\/wp\/v2\/posts\/8933"}],"collection":[{"href":"https:\/\/www.nvssf.com\/forbundet\/wp-json\/wp\/v2\/posts"}],"about":[{"href":"https:\/\/www.nvssf.com\/forbundet\/wp-json\/wp\/v2\/types\/post"}],"author":[{"embeddable":true,"href":"https:\/\/www.nvssf.com\/forbundet\/wp-json\/wp\/v2\/users\/2"}],"replies":[{"embeddable":true,"href":"https:\/\/www.nvssf.com\/forbundet\/wp-json\/wp\/v2\/comments?post=8933"}],"version-history":[{"count":1,"href":"https:\/\/www.nvssf.com\/forbundet\/wp-json\/wp\/v2\/posts\/8933\/revisions"}],"predecessor-version":[{"id":8934,"href":"https:\/\/www.nvssf.com\/forbundet\/wp-json\/wp\/v2\/posts\/8933\/revisions\/8934"}],"wp:attachment":[{"href":"https:\/\/www.nvssf.com\/forbundet\/wp-json\/wp\/v2\/media?parent=8933"}],"wp:term":[{"taxonomy":"category","embeddable":true,"href":"https:\/\/www.nvssf.com\/forbundet\/wp-json\/wp\/v2\/categories?post=8933"},{"taxonomy":"post_tag","embeddable":true,"href":"https:\/\/www.nvssf.com\/forbundet\/wp-json\/wp\/v2\/tags?post=8933"}],"curies":[{"name":"wp","href":"https:\/\/api.w.org\/{rel}","templated":true}]}}