{"id":9108,"date":"2020-08-16T14:58:59","date_gmt":"2020-08-16T12:58:59","guid":{"rendered":"http:\/\/www.nvssf.com\/forbundet\/?p=9108"},"modified":"2020-08-21T21:49:38","modified_gmt":"2020-08-21T19:49:38","slug":"sasongsstart-for-klubbarna","status":"publish","type":"post","link":"https:\/\/www.nvssf.com\/forbundet\/sasongsstart-for-klubbarna\/","title":{"rendered":"S\u00e4songsstart f\u00f6r klubbarna"},"content":{"rendered":"<p>Klubbarna b\u00f6rjar s\u00e5 sm\u00e5tt \u00f6ppna upp f\u00f6r sina spelkv\u00e4llar efter sommarens uppeh\u00e5ll.<\/p>\n<ul style=\"list-style-type: square;\">\n<li>\u00c2\u00a0<strong>Engelholms SK&#8217;s<\/strong> tar beslut om deras s\u00e4songstart p\u00e5 \u00e5rsm\u00f6tet p\u00e5 torsdag den 20:e augusti. <em>uppdatering: Klubben st\u00e4nger ner fram till ny\u00e5r! L\u00e4s mer h\u00e4r: <a href=\"https:\/\/www.svenskalag.se\/engelholmssk\/nyheter\/1519004\/ingen-seniortraning-under-hosten\" target=\"_blank\" rel=\"noopener noreferrer\">https:\/\/www.svenskalag.se\/engelholmssk\/nyheter\/1519004\/ingen-seniortraning-under-hosten<\/a><\/em><\/li>\n<li><strong>Landskrona SK<\/strong> startar sin s\u00e4song tisdagen den 25 augusti (prelimin\u00e4rt).<\/li>\n<li>I <strong>\u00c5storps SS<\/strong> har inget beslut om s\u00e4songsstart tagits.<\/li>\n<li><strong>Helsingborgs ASK<\/strong> startar p\u00e5 tisdag den 18 augusti.<\/li>\n<li><strong>Helsingborgs SS<\/strong> b\u00f6rjar med sina klubbkv\u00e4llar m\u00e5ndagen den 24 augusti. FHM&#8217;s riktlinjer g\u00e4ller. Samtidigt meddelar man att \u00e5rets upplaga av <strong>Bengt Ekenbergs Minnesturnering<\/strong> \u00e4r inst\u00e4lld.<\/li>\n<li><strong>Skromberga ASS<\/strong> skiftar spelkv\u00e4ll ifr\u00e5n torsdagar till onsdagar. Deras f\u00f6rsta sammankomst blir den 9:e september i deras nya lokal som ligger i Socialdemokraternas lokal i Ekeby.<\/li>\n<li><strong>Klippans SK<\/strong> kommer att flytta ifr\u00e5n Scoutstugan Port Artur och d\u00e4rf\u00f6r \u00e4r det \u00e4nnu oklart n\u00e4r deras f\u00f6rsta sammankomst kommer att ske.<\/li>\n<\/ul>\n","protected":false},"excerpt":{"rendered":"<p>Klubbarna b\u00f6rjar s\u00e5 sm\u00e5tt \u00f6ppna upp f\u00f6r sina spelkv\u00e4llar efter sommarens uppeh\u00e5ll. \u00c2\u00a0Engelholms SK&#8217;s tar beslut om deras s\u00e4songstart p\u00e5 \u00e5rsm\u00f6tet p\u00e5 torsdag den 20:e augusti. uppdatering: Klubben st\u00e4nger ner fram till ny\u00e5r! L\u00e4s mer h\u00e4r: https:\/\/www.svenskalag.se\/engelholmssk\/nyheter\/1519004\/ingen-seniortraning-under-hosten Landskrona SK startar &hellip; <a href=\"https:\/\/www.nvssf.com\/forbundet\/sasongsstart-for-klubbarna\/\">Forts\u00e4tt l\u00e4sa <span class=\"meta-nav\">&rarr;<\/span><\/a><\/p>\n","protected":false},"author":2,"featured_media":0,"comment_status":"open","ping_status":"open","sticky":false,"template":"","format":"standard","meta":{"_acf_changed":false,"footnotes":""},"categories":[94,13,17],"tags":[43,46,41,47,45,42],"acf":[],"_links":{"self":[{"href":"https:\/\/www.nvssf.com\/forbundet\/wp-json\/wp\/v2\/posts\/9108"}],"collection":[{"href":"https:\/\/www.nvssf.com\/forbundet\/wp-json\/wp\/v2\/posts"}],"about":[{"href":"https:\/\/www.nvssf.com\/forbundet\/wp-json\/wp\/v2\/types\/post"}],"author":[{"embeddable":true,"href":"https:\/\/www.nvssf.com\/forbundet\/wp-json\/wp\/v2\/users\/2"}],"replies":[{"embeddable":true,"href":"https:\/\/www.nvssf.com\/forbundet\/wp-json\/wp\/v2\/comments?post=9108"}],"version-history":[{"count":1,"href":"https:\/\/www.nvssf.com\/forbundet\/wp-json\/wp\/v2\/posts\/9108\/revisions"}],"predecessor-version":[{"id":9129,"href":"https:\/\/www.nvssf.com\/forbundet\/wp-json\/wp\/v2\/posts\/9108\/revisions\/9129"}],"wp:attachment":[{"href":"https:\/\/www.nvssf.com\/forbundet\/wp-json\/wp\/v2\/media?parent=9108"}],"wp:term":[{"taxonomy":"category","embeddable":true,"href":"https:\/\/www.nvssf.com\/forbundet\/wp-json\/wp\/v2\/categories?post=9108"},{"taxonomy":"post_tag","embeddable":true,"href":"https:\/\/www.nvssf.com\/forbundet\/wp-json\/wp\/v2\/tags?post=9108"}],"curies":[{"name":"wp","href":"https:\/\/api.w.org\/{rel}","templated":true}]}}