{"id":9131,"date":"2020-08-23T17:08:23","date_gmt":"2020-08-23T15:08:23","guid":{"rendered":"http:\/\/www.nvssf.com\/forbundet\/?p=9131"},"modified":"2020-08-23T17:08:23","modified_gmt":"2020-08-23T15:08:23","slug":"rapport-fran-ungdomsledartraffen-i-limhamn-2020-08-22","status":"publish","type":"post","link":"https:\/\/www.nvssf.com\/forbundet\/rapport-fran-ungdomsledartraffen-i-limhamn-2020-08-22\/","title":{"rendered":"Rapport fr\u00e5n ungdomsledartr\u00e4ffen i Limhamn 2020-08-22"},"content":{"rendered":"<p><a href=\"https:\/\/www.nvssf.com\/forbundet\/wp-content\/uploads\/2014\/03\/NVSSFlogo.jpg\"><img loading=\"lazy\" decoding=\"async\" class=\"aligncenter size-full wp-image-6\" src=\"https:\/\/www.nvssf.com\/forbundet\/wp-content\/uploads\/2014\/03\/NVSSFlogo.jpg\" alt=\"\" width=\"82\" height=\"82\" \/><\/a><br \/>\n<a href=\"http:\/\/skaneschack.se\/\" target=\"_blank\" rel=\"noopener noreferrer\">Sk\u00e5nes Schackf\u00f6rbund<\/a> arrangerar varje \u00e5r en ledartr\u00e4ff f\u00f6r alla som arbetar med ungdomsschack i Sk\u00e5ne. Normalt sker tr\u00e4ffen i samband med juniorernas GP-final, i \u00e5r flyttades tr\u00e4ffen till augusti p\u00e5 grund av coronasmittan. Fr\u00e5n NvSSF deltog Stefan H\u00e5kansson och Eric Nordin.<\/p>\n<p>Det viktigaste besluten var att spela allsk\u00e5nskan, Sk\u00e5nska skolm\u00e4sterskapet, ungdomsserien och Sk\u00e5nes schackf\u00f6rbunds distriktsserier (Lag fr\u00e5n NvSSF f\u00e5r delta i Sk\u00e5nes schackf\u00f6rbunds distriktsserier.) som vanligt. H\u00e4nsyn kommer att tas vid m\u00f6blering, handsprit finns vid t\u00e4vlingarna och st\u00f6rre lokaler kan anv\u00e4ndas. Inga datum best\u00e4mdes d\u00e5 vi inte vet vilka datum allsvenskan spelas.<br \/>\nMalm\u00f6 Open kommer att spelas under f\u00f6ruts\u00e4ttning att folkh\u00e4lsoinstitutet lyfter f\u00f6rbudet p\u00e5 max 50 deltagare p\u00e5 m\u00f6ten. Skol-SM, Hasselbacken, Rilton och schack4an-finalen 2020 st\u00e4lls alla in.<\/p>\n<p>Det p\u00e5mindes ocks\u00e5 om att skicka in enk\u00e4ten om allsvenskan till Sveriges schackf\u00f6rbund.<\/p>\n","protected":false},"excerpt":{"rendered":"<p>Sk\u00e5nes Schackf\u00f6rbund arrangerar varje \u00e5r en ledartr\u00e4ff f\u00f6r alla som arbetar med ungdomsschack i Sk\u00e5ne. Normalt sker tr\u00e4ffen i samband med juniorernas GP-final, i \u00e5r flyttades tr\u00e4ffen till augusti p\u00e5 grund av coronasmittan. Fr\u00e5n NvSSF deltog Stefan H\u00e5kansson och Eric &hellip; <a href=\"https:\/\/www.nvssf.com\/forbundet\/rapport-fran-ungdomsledartraffen-i-limhamn-2020-08-22\/\">Forts\u00e4tt l\u00e4sa <span class=\"meta-nav\">&rarr;<\/span><\/a><\/p>\n","protected":false},"author":2,"featured_media":0,"comment_status":"open","ping_status":"open","sticky":false,"template":"","format":"standard","meta":{"_acf_changed":false,"footnotes":""},"categories":[13],"tags":[],"acf":[],"_links":{"self":[{"href":"https:\/\/www.nvssf.com\/forbundet\/wp-json\/wp\/v2\/posts\/9131"}],"collection":[{"href":"https:\/\/www.nvssf.com\/forbundet\/wp-json\/wp\/v2\/posts"}],"about":[{"href":"https:\/\/www.nvssf.com\/forbundet\/wp-json\/wp\/v2\/types\/post"}],"author":[{"embeddable":true,"href":"https:\/\/www.nvssf.com\/forbundet\/wp-json\/wp\/v2\/users\/2"}],"replies":[{"embeddable":true,"href":"https:\/\/www.nvssf.com\/forbundet\/wp-json\/wp\/v2\/comments?post=9131"}],"version-history":[{"count":1,"href":"https:\/\/www.nvssf.com\/forbundet\/wp-json\/wp\/v2\/posts\/9131\/revisions"}],"predecessor-version":[{"id":9132,"href":"https:\/\/www.nvssf.com\/forbundet\/wp-json\/wp\/v2\/posts\/9131\/revisions\/9132"}],"wp:attachment":[{"href":"https:\/\/www.nvssf.com\/forbundet\/wp-json\/wp\/v2\/media?parent=9131"}],"wp:term":[{"taxonomy":"category","embeddable":true,"href":"https:\/\/www.nvssf.com\/forbundet\/wp-json\/wp\/v2\/categories?post=9131"},{"taxonomy":"post_tag","embeddable":true,"href":"https:\/\/www.nvssf.com\/forbundet\/wp-json\/wp\/v2\/tags?post=9131"}],"curies":[{"name":"wp","href":"https:\/\/api.w.org\/{rel}","templated":true}]}}