{"id":9134,"date":"2020-08-24T14:31:54","date_gmt":"2020-08-24T12:31:54","guid":{"rendered":"http:\/\/www.nvssf.com\/forbundet\/?p=9134"},"modified":"2021-04-30T08:56:32","modified_gmt":"2021-04-30T06:56:32","slug":"intresseanmalan-till-langparti-dm-2020","status":"publish","type":"post","link":"https:\/\/www.nvssf.com\/forbundet\/intresseanmalan-till-langparti-dm-2020\/","title":{"rendered":"Intresseanm\u00e4lan till l\u00e5ngparti-DM 2020"},"content":{"rendered":"<p><a href=\"https:\/\/www.nvssf.com\/forbundet\/wp-content\/uploads\/2014\/03\/NVSSFlogo.jpg\"><img loading=\"lazy\" decoding=\"async\" class=\"aligncenter size-full wp-image-6\" src=\"https:\/\/www.nvssf.com\/forbundet\/wp-content\/uploads\/2014\/03\/NVSSFlogo.jpg\" alt=\"\" width=\"82\" height=\"82\" \/><\/a><br \/>\n<strong>DM 2020<\/strong> \u00e4r planerat att starta i oktober och kommer att spelas ungef\u00e4r efter samma koncept som <a href=\"https:\/\/member.schack.se\/ShowTournamentServlet?id=7439\" target=\"_blank\" rel=\"noopener noreferrer\">DM 2019<\/a>: Berger-grupper indelade efter ranking med undantaget att Lars Persson, Skromberga ASS \u00e4r kvalificerad till grupp 1 efter sin seger i <a href=\"https:\/\/member.schack.se\/ShowTournamentServlet?id=7804\" target=\"_blank\" rel=\"noopener noreferrer\">grupp 2<\/a> f\u00f6rra \u00e5ret. Bet\u00e4nketiden = 90 minuter + 30 sekunders till\u00e4gg per drag med start ifr\u00e5n drag 1.<\/p>\n<p>I och med r\u00e5dande omst\u00e4ndigheter (corona)<!--more--> s\u00e5 vill g\u00e4rna styrelsen i NvSSF ha intresseanm\u00e4lningar till t\u00e4vlingen redan nu (se nedan om hur du anm\u00e4ler dig). Sm\u00e4rre justeringar kan ske av t\u00e4vlingsuppl\u00e4gget, till exempel s\u00e5 \u00e4r det troligt att om det blir tv\u00e5 grupper s\u00e5 kommer det att bli tv\u00e5 olika spellokaler. Allt f\u00f6r att t\u00e4vlingen ska kunna genomf\u00f6ras p\u00e5 ett s\u00e4kert s\u00e4tt.<\/p>\n<h3>l\u00e4nkar och info f\u00f6r DM 2020<\/h3>\n<ul style=\"list-style-type: square;\">\n<li>Intresseanm\u00e4lan sker genom SSF:s t\u00e4vlingssystem: <span class=\"removed_link\" title=\"https:\/\/member.schack.se\/turnering\/2284\/anmalan\">https:\/\/member.schack.se\/turnering\/2284\/anmalan<\/span><\/li>\n<li>Se vilka som har gjort en intresseanm\u00e4lan f\u00f6r spel i DM: <a href=\"https:\/\/member.schack.se\/ShowTournamentServlet?id=8499\" target=\"_blank\" rel=\"noopener noreferrer\">https:\/\/member.schack.se\/ShowTournamentServlet?id=8499<\/a><\/li>\n<\/ul>\n","protected":false},"excerpt":{"rendered":"<p>DM 2020 \u00e4r planerat att starta i oktober och kommer att spelas ungef\u00e4r efter samma koncept som DM 2019: Berger-grupper indelade efter ranking med undantaget att Lars Persson, Skromberga ASS \u00e4r kvalificerad till grupp 1 efter sin seger i grupp &hellip; <a href=\"https:\/\/www.nvssf.com\/forbundet\/intresseanmalan-till-langparti-dm-2020\/\">Forts\u00e4tt l\u00e4sa <span class=\"meta-nav\">&rarr;<\/span><\/a><\/p>\n","protected":false},"author":2,"featured_media":0,"comment_status":"open","ping_status":"open","sticky":false,"template":"","format":"standard","meta":{"_acf_changed":false,"footnotes":""},"categories":[13,18,16],"tags":[],"acf":[],"_links":{"self":[{"href":"https:\/\/www.nvssf.com\/forbundet\/wp-json\/wp\/v2\/posts\/9134"}],"collection":[{"href":"https:\/\/www.nvssf.com\/forbundet\/wp-json\/wp\/v2\/posts"}],"about":[{"href":"https:\/\/www.nvssf.com\/forbundet\/wp-json\/wp\/v2\/types\/post"}],"author":[{"embeddable":true,"href":"https:\/\/www.nvssf.com\/forbundet\/wp-json\/wp\/v2\/users\/2"}],"replies":[{"embeddable":true,"href":"https:\/\/www.nvssf.com\/forbundet\/wp-json\/wp\/v2\/comments?post=9134"}],"version-history":[{"count":1,"href":"https:\/\/www.nvssf.com\/forbundet\/wp-json\/wp\/v2\/posts\/9134\/revisions"}],"predecessor-version":[{"id":10023,"href":"https:\/\/www.nvssf.com\/forbundet\/wp-json\/wp\/v2\/posts\/9134\/revisions\/10023"}],"wp:attachment":[{"href":"https:\/\/www.nvssf.com\/forbundet\/wp-json\/wp\/v2\/media?parent=9134"}],"wp:term":[{"taxonomy":"category","embeddable":true,"href":"https:\/\/www.nvssf.com\/forbundet\/wp-json\/wp\/v2\/categories?post=9134"},{"taxonomy":"post_tag","embeddable":true,"href":"https:\/\/www.nvssf.com\/forbundet\/wp-json\/wp\/v2\/tags?post=9134"}],"curies":[{"name":"wp","href":"https:\/\/api.w.org\/{rel}","templated":true}]}}