{"id":9281,"date":"2020-09-28T18:07:57","date_gmt":"2020-09-28T16:07:57","guid":{"rendered":"http:\/\/www.nvssf.com\/forbundet\/?p=9281"},"modified":"2020-09-28T18:07:57","modified_gmt":"2020-09-28T16:07:57","slug":"rolf-martens-minnesturnering-2","status":"publish","type":"post","link":"https:\/\/www.nvssf.com\/forbundet\/rolf-martens-minnesturnering-2\/","title":{"rendered":"Rolf Martens minnesturnering"},"content":{"rendered":"<p>Speltillf\u00e4llena b\u00f6rjar s\u00e5 sm\u00e5tt att dyka upp efter att ha legat nere p\u00e5 nollpunkten under corona pandemin. Nu p\u00e5 s\u00f6ndag den 4:e oktober \u00e4r det dags f\u00f6r snabbschacks t\u00e4vlingen (15 min + 3 sekunders till\u00e4gg per drag) <strong>Rolf Martens minnesturnering<\/strong> i Lund. L\u00e4s <a href=\"http:\/\/lask.se\/admin\/upload\/Martens_minne_201004_inbjudan.pdf\" target=\"_blank\" rel=\"noopener noreferrer\">inbjudan<\/a> f\u00f6r mer info.<\/p>\n","protected":false},"excerpt":{"rendered":"<p>Speltillf\u00e4llena b\u00f6rjar s\u00e5 sm\u00e5tt att dyka upp efter att ha legat nere p\u00e5 nollpunkten under corona pandemin. Nu p\u00e5 s\u00f6ndag den 4:e oktober \u00e4r det dags f\u00f6r snabbschacks t\u00e4vlingen (15 min + 3 sekunders till\u00e4gg per drag) Rolf Martens minnesturnering &hellip; <a href=\"https:\/\/www.nvssf.com\/forbundet\/rolf-martens-minnesturnering-2\/\">Forts\u00e4tt l\u00e4sa <span class=\"meta-nav\">&rarr;<\/span><\/a><\/p>\n","protected":false},"author":2,"featured_media":0,"comment_status":"open","ping_status":"open","sticky":false,"template":"","format":"standard","meta":{"_acf_changed":false,"footnotes":""},"categories":[7,14],"tags":[],"acf":[],"_links":{"self":[{"href":"https:\/\/www.nvssf.com\/forbundet\/wp-json\/wp\/v2\/posts\/9281"}],"collection":[{"href":"https:\/\/www.nvssf.com\/forbundet\/wp-json\/wp\/v2\/posts"}],"about":[{"href":"https:\/\/www.nvssf.com\/forbundet\/wp-json\/wp\/v2\/types\/post"}],"author":[{"embeddable":true,"href":"https:\/\/www.nvssf.com\/forbundet\/wp-json\/wp\/v2\/users\/2"}],"replies":[{"embeddable":true,"href":"https:\/\/www.nvssf.com\/forbundet\/wp-json\/wp\/v2\/comments?post=9281"}],"version-history":[{"count":1,"href":"https:\/\/www.nvssf.com\/forbundet\/wp-json\/wp\/v2\/posts\/9281\/revisions"}],"predecessor-version":[{"id":9282,"href":"https:\/\/www.nvssf.com\/forbundet\/wp-json\/wp\/v2\/posts\/9281\/revisions\/9282"}],"wp:attachment":[{"href":"https:\/\/www.nvssf.com\/forbundet\/wp-json\/wp\/v2\/media?parent=9281"}],"wp:term":[{"taxonomy":"category","embeddable":true,"href":"https:\/\/www.nvssf.com\/forbundet\/wp-json\/wp\/v2\/categories?post=9281"},{"taxonomy":"post_tag","embeddable":true,"href":"https:\/\/www.nvssf.com\/forbundet\/wp-json\/wp\/v2\/tags?post=9281"}],"curies":[{"name":"wp","href":"https:\/\/api.w.org\/{rel}","templated":true}]}}